{"id":108605,"date":"2025-12-17T08:19:42","date_gmt":"2025-12-17T08:19:42","guid":{"rendered":"https:\/\/www.europesays.com\/se\/108605\/"},"modified":"2025-12-17T08:19:42","modified_gmt":"2025-12-17T08:19:42","slug":"efter-trumps-blockad-i-venezuela-oljepriset-spas-skjuta-i-hojden","status":"publish","type":"post","link":"https:\/\/www.europesays.com\/se\/108605\/","title":{"rendered":"Efter Trumps blockad i Venezuela \u2013 oljepriset sp\u00e5s skjuta i h\u00f6jden"},"content":{"rendered":"<p>Publicerad 17 dec 2025 kl 06.23Uppdaterad kl 07.31<\/p>\n<p>USA:s president Donald Trump beordrade p\u00e5 tisdagen en \u201dtotal och fullst\u00e4ndig\u201d blockad av alla sanktionerade oljetankers som g\u00e5r in i och ut ur Venezuela.<\/p>\n<p>Miljontals fat olja st\u00e5r nu still p\u00e5 venezuelanskt vatten \u2013 f\u00f6r att inte riskera att beslagtas.\u00a0<\/p>\n<p>Oljepriset sp\u00e5s skjuta i h\u00f6jden.\u00a0<\/p>\n<p><img   alt=\"\"\/><\/p>\n<p>Trump beordrar en total blockad av sanktionerade oljetankers in och ut ur Venezuela.<\/p>\n<p>Foto: YURI GRIPAS \/ POOL \/ STELLA PICTURES\/EPA ABACAPRESS POOL<\/p>\n<p>\u00d6ppna bild i helsk\u00e4rm<img loading=\"lazy\"   alt=\"\"\/><\/p>\n<p>Oljetankern Skipper som nyligen togs i beslag av USA.<\/p>\n<p>Foto: AP \/ AP TT NYHETSBYR\u00c5N<\/p>\n<p>\u00d6ppna bild i helsk\u00e4rmArtikeln i korthet<\/p>\n<p> Donald Trump har beordrat en \u201dtotal och fullst\u00e4ndig\u201d blockad av alla sanktionerade oljetankers som g\u00e5r in i och ut ur Venezuela.\u00a0<\/p>\n<p> Det resulterar i ett bortfall om en miljon fat r\u00e5olja \u2013 per dag.\u00a0<\/p>\n<p>\u00a0Priset p\u00e5 olja riskerar att sticka i v\u00e4g och \u00e4ven inflationen.\u00a0<\/p>\n<p>Visa mer<\/p>\n<p><a href=\"https:\/\/www.expressen.se\/tagg\/person\/donald-trump\/\" class=\"\" rel=\"nofollow noopener\" target=\"_blank\">Donald Trump<\/a> forts\u00e4tter att fokusera p\u00e5 Venezuela. Styret i landet har terrorst\u00e4mplats av USA och tusentals amerikanska soldater och n\u00e4stan ett dussin krigsfartyg \u2013 d\u00e4ribland ett hangarfartyg \u2013 har flyttats till regionen.\u00a0<\/p>\n<p>Nu har en officiell blockad inf\u00f6rts av alla sanktionerade oljetankers som g\u00e5r in i och ut ur Venezuela.\u00a0<\/p>\n<p>\u201dF\u00f6r st\u00f6lden av v\u00e5ra tillg\u00e5ngar, och av m\u00e5nga andra sk\u00e4l, inklusive terrorism, narkotikasmuggling och m\u00e4nniskohandel, har den venezuelanska regimen utsetts till en UTL\u00c4NDSK TERRORORGANISATION\u201d, skrev Trump p\u00e5 Truth Social. \u201dD\u00e4rf\u00f6r beordrar jag i dag EN TOTAL OCH FULLST\u00c4NDIG BLOCKAD AV ALLA SANKTIONERADE OLJETANKERS som g\u00e5r in i och ut ur Venezuela.\u201d skriver Trump p\u00e5 sin plattform <a href=\"https:\/\/truthsocial.com\/@realDonaldTrump\/posts\/115731908387416458\" rel=\"nofollow noopener\" target=\"_blank\">Truth Social.\u00a0<\/a><\/p>\n<p>Bortfallet av en miljon fat r\u00e5olja \u2013 per dag<\/p>\n<p>Redan f\u00f6rra veckan beslagtog USA en sanktionerad oljetanker utanf\u00f6r Venezuelas kust och nu st\u00e5r fullastade fartyg med miljontals fat olja still p\u00e5 venezuelanskt vatten f\u00f6r att inte riskera att beslagtas.<\/p>\n<p>Sedan beslaget har Venezuelas r\u00e5oljeexport fallit kraftigt, en situation som f\u00f6rv\u00e4rrats av en cyberattack som denna vecka slog ut det statliga oljebolaget PDVSA:s administrativa system.<\/p>\n<p>Marknaden har redan reagerat \u2013 priset har som f\u00f6rv\u00e4ntat stigit.\u00a0<\/p>\n<p>Oljepriserna steg med mer \u00e4n 1 procent i den asiatiska handeln p\u00e5 onsdagen och amerikanska r\u00e5oljeterminer steg med \u00f6ver 1 procent till 55,96 dollar per fat i asiatisk handel.\u00a0<\/p>\n<p>Akt\u00f6rer p\u00e5 marknaden f\u00f6rs\u00f6ker ha is i magen. F\u00f6r n\u00e4rvarande \u00e4r oljemarknaden v\u00e4lf\u00f6rs\u00f6rjd och miljontals fat olja ligger p\u00e5 tankfartyg utanf\u00f6r Kinas kust i v\u00e4ntan p\u00e5 lossning, rapporterar <a href=\"https:\/\/www.reuters.com\/world\/americas\/trump-orders-blockade-sanctioned-oil-tankers-leaving-entering-venezuela-2025-12-16\/\" rel=\"nofollow noopener\" target=\"_blank\">Reuters<\/a>. Om embargot best\u00e5r under en l\u00e4ngre tid v\u00e4ntas dock bortfallet av n\u00e4stan en miljon fat r\u00e5olja per dag driva upp oljepriserna \u00e4nnu mer.\u00a0<\/p>\n<p>Om Venezuelas ber\u00f6rda export inte ers\u00e4tts av \u00f6kad reservkapacitet inom OPEC kan effekten p\u00e5 oljepriserna bli fem till \u00e5tta dollar per fat, enligt David Goldwyn, tidigare energidiplomat vid USA:s utrikesdepartement.<\/p>\n<p>\u2013 Jag skulle f\u00f6rv\u00e4nta mig att inflationen skjuter i h\u00f6jden och att en massiv och omedelbar migration fr\u00e5n Venezuela till grannl\u00e4nderna tar fart, s\u00e4ger Goldwyn till nyhetsbyr\u00e5n.<\/p>\n<p>Maduro har h\u00e4vdat att USA:s milit\u00e4ra uppbyggnad syftar till att st\u00f6rta honom och ta kontroll \u00f6ver OPEC-landets oljeresurser, som \u00e4r v\u00e4rldens st\u00f6rsta bekr\u00e4ftade oljereserver.<\/p>\n<p><img alt=\"\"\/>Ljudklippet gick inte att spela upp<\/p>\n<p>F\u00f6rs\u00f6k igen senare<\/p>\n","protected":false},"excerpt":{"rendered":"Publicerad 17 dec 2025 kl 06.23Uppdaterad kl 07.31 USA:s president Donald Trump beordrade p\u00e5 tisdagen en \u201dtotal och&hellip;\n","protected":false},"author":2,"featured_media":108606,"comment_status":"","ping_status":"","sticky":false,"template":"","format":"standard","meta":{"footnotes":""},"categories":[5],"tags":[22,23,26,27,17,21,24,25,3819,28,29,15,16,198,4238,18,34,55,31,33,32,30,19,781,20],"class_list":{"0":"post-108605","1":"post","2":"type-post","3":"status-publish","4":"format-standard","5":"has-post-thumbnail","7":"category-rubriker","8":"tag-breaking-news","9":"tag-breakingnews","10":"tag-featured-news","11":"tag-featurednews","12":"tag-headlines","13":"tag-huvudnyheter","14":"tag-latest-news","15":"tag-latestnews","16":"tag-location-venezuela","17":"tag-main-news","18":"tag-mainnews","19":"tag-news","20":"tag-nyheter","21":"tag-person-donald-trump","22":"tag-person-nicolas-maduro","23":"tag-rubriker","24":"tag-se","25":"tag-sections-varlden","26":"tag-svenska","27":"tag-sverige","28":"tag-sweden","29":"tag-swedish","30":"tag-top-stories","31":"tag-topic-utrikespolitik","32":"tag-topstories"},"share_on_mastodon":{"url":"https:\/\/pubeurope.com\/@se\/115733932529803452","error":""},"_links":{"self":[{"href":"https:\/\/www.europesays.com\/se\/wp-json\/wp\/v2\/posts\/108605","targetHints":{"allow":["GET"]}}],"collection":[{"href":"https:\/\/www.europesays.com\/se\/wp-json\/wp\/v2\/posts"}],"about":[{"href":"https:\/\/www.europesays.com\/se\/wp-json\/wp\/v2\/types\/post"}],"author":[{"embeddable":true,"href":"https:\/\/www.europesays.com\/se\/wp-json\/wp\/v2\/users\/2"}],"replies":[{"embeddable":true,"href":"https:\/\/www.europesays.com\/se\/wp-json\/wp\/v2\/comments?post=108605"}],"version-history":[{"count":0,"href":"https:\/\/www.europesays.com\/se\/wp-json\/wp\/v2\/posts\/108605\/revisions"}],"wp:featuredmedia":[{"embeddable":true,"href":"https:\/\/www.europesays.com\/se\/wp-json\/wp\/v2\/media\/108606"}],"wp:attachment":[{"href":"https:\/\/www.europesays.com\/se\/wp-json\/wp\/v2\/media?parent=108605"}],"wp:term":[{"taxonomy":"category","embeddable":true,"href":"https:\/\/www.europesays.com\/se\/wp-json\/wp\/v2\/categories?post=108605"},{"taxonomy":"post_tag","embeddable":true,"href":"https:\/\/www.europesays.com\/se\/wp-json\/wp\/v2\/tags?post=108605"}],"curies":[{"name":"wp","href":"https:\/\/api.w.org\/{rel}","templated":true}]}}