{"id":108612,"date":"2025-12-17T08:25:15","date_gmt":"2025-12-17T08:25:15","guid":{"rendered":"https:\/\/www.europesays.com\/se\/108612\/"},"modified":"2025-12-17T08:25:15","modified_gmt":"2025-12-17T08:25:15","slug":"jag-staller-inte-upp-i-valet-2028","status":"publish","type":"post","link":"https:\/\/www.europesays.com\/se\/108612\/","title":{"rendered":"Jag st\u00e4ller inte upp i valet 2028"},"content":{"rendered":"<p>Publicerad 16 dec 2025 kl 23.56Uppdaterad 17 dec kl 06.25<\/p>\n<p>Marco Rubio som USA:s president?<\/p>\n<p>Inte i samband med n\u00e4sta val i alla fall.<\/p>\n<p>\u2013 Om JD Vance kandiderar till president kommer han att bli v\u00e5r kandidat, s\u00e4ger Rubio till <a href=\"https:\/\/www.vanityfair.com\/news\/story\/trump-susie-wiles-interview-exclusive-part-2\" rel=\"nofollow noopener\" target=\"_blank\">Vanity Fair<\/a>.<\/p>\n<p>Senaste klippen om Trump-administrationen.<img   alt=\"\"\/><\/p>\n<p>JD Vance, Donald Trump och Marco Rubio.<\/p>\n<p>Foto: MANUEL BALCE CENETA \/ AP TT NYHETSBYR\u00c5N<\/p>\n<p>\u00d6ppna bild i helsk\u00e4rm<\/p>\n<p>De tv\u00e5 personer som Trump sj\u00e4lv vill se som sina eftertr\u00e4dare i valet 2028 \u00e4r vicepresidenten JD Vance och utrikesministern <a href=\"https:\/\/www.expressen.se\/tagg\/person\/marco-rubio\/\" class=\"\" rel=\"nofollow noopener\" target=\"_blank\">Marco Rubio<\/a>. Det avsl\u00f6jade Vance i podden \u201dPod Force One\u201d f\u00f6r tv\u00e5 m\u00e5nader sedan.<\/p>\n<p>\u2013 President Trump n\u00e4mnde det f\u00f6rmodligen f\u00f6r sex m\u00e5nader sedan, sade Vance.<\/p>\n<p>Trump ska ha kallat Vance och Rubio en \u201dostoppbar duo\u201d inf\u00f6r valet 2028. Vance har varit den ledande kandidaten i de tidiga opinionsm\u00e4tningarna, men Rubio anses generellt vara den starkaste utmanaren.<\/p>\n<p>\u201dEn stor vinst f\u00f6r Vance\u201d<\/p>\n<p>Men n\u00e4r Rubio tillfr\u00e5gades om han kommer att utmana Vance om att bli Republikanernas presidentkandidat i valet 2028 gav han ett tydligt svar.<\/p>\n<p>\u2013 Om JD Vance kandiderar till president kommer han att bli v\u00e5r kandidat, och jag kommer att vara en av de f\u00f6rsta att st\u00f6dja honom, s\u00e4ger Rubio.<\/p>\n<p>Detta \u00e4r \u201den stor vinst f\u00f6r Vance\u201d, enligt <a href=\"https:\/\/edition.cnn.com\/2025\/12\/16\/politics\/takeaways-susie-wiles-interview\" rel=\"nofollow noopener\" target=\"_blank\">CNN<\/a>.<\/p>\n<p>Vance har kallat Rubio \u201dmin b\u00e4sta v\u00e4n i administrationen\u201d.<\/p>\n<p>\u2013 Han och jag arbetar mycket tillsammans, sade Vance.<\/p>\n<p>\u201dEtt f\u00f6rtj\u00e4nat f\u00f6rtroende\u201d<\/p>\n<p>JD Vance brukade beskriva sig sj\u00e4lv som en \u201dNever Trumper\u201d, n\u00e5gon som aldrig skulle kunna bli Trump-anh\u00e4ngare. Vances omv\u00e4ndelse till Maga-anh\u00e4ngare har varit \u201dlite politisk\u201d, enligt Vita husets stabschef Susie Wiles.\u00a0<\/p>\n<p>Stabschefen har hamnat i bl\u00e5sv\u00e4der efter en uppm\u00e4rksammad Vanity Fair-intervju d\u00e4r hon bland annat beskrev president Donald Trump som n\u00e5gon som \u201dhar en alkoholists personlighet\u201d, ord som hon menar har \u201dtagits ur sitt sammanhang\u201d.<\/p>\n<p>Hon fick st\u00f6d av Rubio som kallade Wiles starka band med Trump \u201dett f\u00f6rtj\u00e4nat f\u00f6rtroende\u201d.\u00a0<\/p>\n<p>\u2013 Jag tror inte att det finns n\u00e5gon i v\u00e4rlden just nu som skulle kunna g\u00f6ra det jobb hon g\u00f6r, s\u00e4ger Rubio.<\/p>\n<p><strong>L\u00c4S MER: <\/strong><a href=\"https:\/\/www.expressen.se\/nyheter\/varlden\/vita-husets-stabschef-susie-wiles-till-hard-attack-mot-trump\/\" class=\"\" rel=\"nofollow noopener\" target=\"_blank\">Vita husets stabschef Susie Wiles till h\u00e5rd attack mot Trump<\/a>\u201dKan du sl\u00e5 farfar&#8230;?\u201d<\/p>\n","protected":false},"excerpt":{"rendered":"Publicerad 16 dec 2025 kl 23.56Uppdaterad 17 dec kl 06.25 Marco Rubio som USA:s president? Inte i samband&hellip;\n","protected":false},"author":2,"featured_media":108613,"comment_status":"","ping_status":"","sticky":false,"template":"","format":"standard","meta":{"footnotes":""},"categories":[14],"tags":[22,23,26,27,17,21,24,25,28,29,15,16,198,363,362,18,34,55,31,33,32,30,19,204,20,51,52,53,54],"class_list":{"0":"post-108612","1":"post","2":"type-post","3":"status-publish","4":"format-standard","5":"has-post-thumbnail","7":"category-varlden","8":"tag-breaking-news","9":"tag-breakingnews","10":"tag-featured-news","11":"tag-featurednews","12":"tag-headlines","13":"tag-huvudnyheter","14":"tag-latest-news","15":"tag-latestnews","16":"tag-main-news","17":"tag-mainnews","18":"tag-news","19":"tag-nyheter","20":"tag-person-donald-trump","21":"tag-person-jd-vance","22":"tag-person-marco-rubio","23":"tag-rubriker","24":"tag-se","25":"tag-sections-varlden","26":"tag-svenska","27":"tag-sverige","28":"tag-sweden","29":"tag-swedish","30":"tag-top-stories","31":"tag-topic-amerikansk-politik","32":"tag-topstories","33":"tag-varlden","34":"tag-world","35":"tag-world-news","36":"tag-worldnews"},"share_on_mastodon":{"url":"https:\/\/pubeurope.com\/@se\/115733956149671816","error":""},"_links":{"self":[{"href":"https:\/\/www.europesays.com\/se\/wp-json\/wp\/v2\/posts\/108612","targetHints":{"allow":["GET"]}}],"collection":[{"href":"https:\/\/www.europesays.com\/se\/wp-json\/wp\/v2\/posts"}],"about":[{"href":"https:\/\/www.europesays.com\/se\/wp-json\/wp\/v2\/types\/post"}],"author":[{"embeddable":true,"href":"https:\/\/www.europesays.com\/se\/wp-json\/wp\/v2\/users\/2"}],"replies":[{"embeddable":true,"href":"https:\/\/www.europesays.com\/se\/wp-json\/wp\/v2\/comments?post=108612"}],"version-history":[{"count":0,"href":"https:\/\/www.europesays.com\/se\/wp-json\/wp\/v2\/posts\/108612\/revisions"}],"wp:featuredmedia":[{"embeddable":true,"href":"https:\/\/www.europesays.com\/se\/wp-json\/wp\/v2\/media\/108613"}],"wp:attachment":[{"href":"https:\/\/www.europesays.com\/se\/wp-json\/wp\/v2\/media?parent=108612"}],"wp:term":[{"taxonomy":"category","embeddable":true,"href":"https:\/\/www.europesays.com\/se\/wp-json\/wp\/v2\/categories?post=108612"},{"taxonomy":"post_tag","embeddable":true,"href":"https:\/\/www.europesays.com\/se\/wp-json\/wp\/v2\/tags?post=108612"}],"curies":[{"name":"wp","href":"https:\/\/api.w.org\/{rel}","templated":true}]}}