{"id":108618,"date":"2025-12-17T08:35:20","date_gmt":"2025-12-17T08:35:20","guid":{"rendered":"https:\/\/www.europesays.com\/se\/108618\/"},"modified":"2025-12-17T08:35:20","modified_gmt":"2025-12-17T08:35:20","slug":"anna-bergendahl-har-fatt-forsta-barnet-jattestolta","status":"publish","type":"post","link":"https:\/\/www.europesays.com\/se\/108618\/","title":{"rendered":"Anna Bergendahl har f\u00e5tt f\u00f6rsta barnet: \u201dJ\u00e4ttestolta\u201d"},"content":{"rendered":"<p>Publicerad 16 dec 2025 kl 18.49Uppdaterad kl 20.46<\/p>\n<p>Bebislycka f\u00f6r Anna Bergendahl!<\/p>\n<p>Artisten har f\u00e5tt sitt f\u00f6rsta barn, en dotter, meddelar hon p\u00e5 Instagram.<\/p>\n<p><img   alt=\"\"\/><\/p>\n<p>Anna Bergendahl.<\/p>\n<p>Foto: OLLE SPORRONG<\/p>\n<p>\u00d6ppna bild i helsk\u00e4rm<\/p>\n<p><a href=\"https:\/\/www.expressen.se\/tagg\/person\/anna-bergendahl\/\" class=\"\" rel=\"nofollow noopener\" target=\"_blank\">Anna Bergendahl<\/a>, 34, t\u00e4vlade i \u201dIdol\u201d 2008 och vann Melodifestivalen 2010 och fick d\u00e5 representera Sverige i Eurovision song contest.<\/p>\n<p>Numera jobbar artisten \u00e4ven som l\u00e4kare parallellt med musiken.<\/p>\n<p>Nu har 34-\u00e5ringen f\u00e5tt sitt f\u00f6rsta barn ihop med pojkv\u00e4nnen Kristoffer Eriksson meddelar hon p\u00e5 Instagram.<\/p>\n<p>\u2013 Jag vill skicka en h\u00e4lsning till er och ber\u00e4tta att v\u00e5r dotter har f\u00f6tts. Vi \u00e4r j\u00e4ttestolta och j\u00e4ttetr\u00f6tta, s\u00e4ger Anna Bergendahl i en video samtidigt som hon \u00f6nskar f\u00f6ljarna en god jul och sjunger en av sina jull\u00e5tar.<\/p>\n<p>S\u00e5 sent som i november gifte sig paret i en intim ceremoni med n\u00e4rmsta familjen.<\/p>\n<p><a href=\"https:\/\/www.instagram.com\/p\/DSVO0OyDExn\/?hidecaption=true\" data-provider=\"instagram\" class=\"js-social-embed\" rel=\"nofollow noopener\" target=\"_blank\">https:\/\/www.instagram.com\/p\/DSVO0OyDExn\/?hidecaption=true<\/a><script async src=\"\/\/www.instagram.com\/embed.js\"><\/script><\/p>\n","protected":false},"excerpt":{"rendered":"Publicerad 16 dec 2025 kl 18.49Uppdaterad kl 20.46 Bebislycka f\u00f6r Anna Bergendahl! Artisten har f\u00e5tt sitt f\u00f6rsta barn,&hellip;\n","protected":false},"author":2,"featured_media":108619,"comment_status":"","ping_status":"","sticky":false,"template":"","format":"standard","meta":{"footnotes":""},"categories":[67],"tags":[104,4774,3055,4221,34,31,33,32,30,402,105],"class_list":{"0":"post-108618","1":"post","2":"type-post","3":"status-publish","4":"format-standard","5":"has-post-thumbnail","7":"category-underhallning","8":"tag-entertainment","9":"tag-organization-idol","10":"tag-organization-melodifestivalen","11":"tag-person-anna-bergendahl","12":"tag-se","13":"tag-svenska","14":"tag-sverige","15":"tag-sweden","16":"tag-swedish","17":"tag-topic-artister","18":"tag-underhallning"},"share_on_mastodon":{"url":"https:\/\/pubeurope.com\/@se\/115733995393585197","error":""},"_links":{"self":[{"href":"https:\/\/www.europesays.com\/se\/wp-json\/wp\/v2\/posts\/108618","targetHints":{"allow":["GET"]}}],"collection":[{"href":"https:\/\/www.europesays.com\/se\/wp-json\/wp\/v2\/posts"}],"about":[{"href":"https:\/\/www.europesays.com\/se\/wp-json\/wp\/v2\/types\/post"}],"author":[{"embeddable":true,"href":"https:\/\/www.europesays.com\/se\/wp-json\/wp\/v2\/users\/2"}],"replies":[{"embeddable":true,"href":"https:\/\/www.europesays.com\/se\/wp-json\/wp\/v2\/comments?post=108618"}],"version-history":[{"count":0,"href":"https:\/\/www.europesays.com\/se\/wp-json\/wp\/v2\/posts\/108618\/revisions"}],"wp:featuredmedia":[{"embeddable":true,"href":"https:\/\/www.europesays.com\/se\/wp-json\/wp\/v2\/media\/108619"}],"wp:attachment":[{"href":"https:\/\/www.europesays.com\/se\/wp-json\/wp\/v2\/media?parent=108618"}],"wp:term":[{"taxonomy":"category","embeddable":true,"href":"https:\/\/www.europesays.com\/se\/wp-json\/wp\/v2\/categories?post=108618"},{"taxonomy":"post_tag","embeddable":true,"href":"https:\/\/www.europesays.com\/se\/wp-json\/wp\/v2\/tags?post=108618"}],"curies":[{"name":"wp","href":"https:\/\/api.w.org\/{rel}","templated":true}]}}