{"id":108695,"date":"2025-12-17T09:51:07","date_gmt":"2025-12-17T09:51:07","guid":{"rendered":"https:\/\/www.europesays.com\/se\/108695\/"},"modified":"2025-12-17T09:51:07","modified_gmt":"2025-12-17T09:51:07","slug":"save-the-date-skaraborgsdagen-2026","status":"publish","type":"post","link":"https:\/\/www.europesays.com\/se\/108695\/","title":{"rendered":"Save the date &#8211; Skaraborgsdagen 2026"},"content":{"rendered":"<p>\n          Pressmeddelande &#8211;<br \/>\n17 December 2025 10:21<\/p>\n<p>    Dela<\/p>\n<p>\n          L\u00e4nk kopierad!\n        <\/p>\n<p>          <a class=\"ghost-btn-with-icon svg-stroke\" rel=\"nofollow noopener\" aria-label=\"Ladda ned som PDF\" href=\"https:\/\/www.mynewsdesk.com\/se\/skaraborgs-kommunalfoerbund\/pressreleases\/save-the-date-skaraborgsdagen-2026-3420207.pdf\" target=\"_blank\"><\/p>\n<p>            Ladda ner<br \/>\n<\/a>      <\/p>\n<p>Skaraborgsdagen \u00e4r den \u00e5rliga m\u00f6tesplatsen d\u00e4r kommunerna bjuder in ledare och beslutsfattare fr\u00e5n n\u00e4ringsliv, offentlig sektor och akademi f\u00f6r att inspireras, samverka och skapa nya v\u00e4gar fram\u00e5t.<\/p>\n<p>Temat f\u00f6r dagen \u00e4r \u201dTillsammans leder vi i f\u00f6r\u00e4ndring\u201d, med fokus p\u00e5 hur vi st\u00e4rker Skaraborg i en tid av snabba f\u00f6r\u00e4ndringar och nya krav p\u00e5 ledarskap.<\/p>\n<p>\u00c5rets program bjuder p\u00e5 inspirerande samtal om ledarskap, attraktionskraft och framtidens utmaningar. Vi f\u00e5r bland annat en unik utblick fr\u00e5n Madeleine Sj\u00f6stedt, generaldirekt\u00f6r f\u00f6r Svenska institutet, om hur regionala initiativ kan kopplas till nationella strategier f\u00f6r att st\u00e4rka Sveriges konkurrenskraft.<\/p>\n<p>Vi vill g\u00e4rna att media \u00e4r med och f\u00e5ngar dagen!<\/p>\n<p>P\u00e5 plats finns ett pressrum som st\u00e5r till ert f\u00f6rfogande under hela dagen. Har ni s\u00e4rskilda \u00f6nskem\u00e5l f\u00f6r att underl\u00e4tta er bevakning? H\u00f6r g\u00e4rna av er till Skaraborgs Kommunalf\u00f6rbunds pressansvarig, vi hj\u00e4lper er g\u00e4rna.<\/p>\n<p>Datum: 29 januari 2026<br \/>Tid: 9.00-16.30<br \/>Plats: Vara Konserthus <\/p>\n","protected":false},"excerpt":{"rendered":"Pressmeddelande &#8211; 17 December 2025 10:21 Dela L\u00e4nk kopierad! Ladda ner Skaraborgsdagen \u00e4r den \u00e5rliga m\u00f6tesplatsen d\u00e4r kommunerna&hellip;\n","protected":false},"author":2,"featured_media":108696,"comment_status":"","ping_status":"","sticky":false,"template":"","format":"standard","meta":{"footnotes":""},"categories":[65],"tags":[72,70,71,34,31,33,32,30],"class_list":{"0":"post-108695","1":"post","2":"type-post","3":"status-publish","4":"format-standard","5":"has-post-thumbnail","7":"category-ekonomi","8":"tag-business","9":"tag-economy","10":"tag-ekonomi","11":"tag-se","12":"tag-svenska","13":"tag-sverige","14":"tag-sweden","15":"tag-swedish"},"share_on_mastodon":{"url":"https:\/\/pubeurope.com\/@se\/115734294274682800","error":""},"_links":{"self":[{"href":"https:\/\/www.europesays.com\/se\/wp-json\/wp\/v2\/posts\/108695","targetHints":{"allow":["GET"]}}],"collection":[{"href":"https:\/\/www.europesays.com\/se\/wp-json\/wp\/v2\/posts"}],"about":[{"href":"https:\/\/www.europesays.com\/se\/wp-json\/wp\/v2\/types\/post"}],"author":[{"embeddable":true,"href":"https:\/\/www.europesays.com\/se\/wp-json\/wp\/v2\/users\/2"}],"replies":[{"embeddable":true,"href":"https:\/\/www.europesays.com\/se\/wp-json\/wp\/v2\/comments?post=108695"}],"version-history":[{"count":0,"href":"https:\/\/www.europesays.com\/se\/wp-json\/wp\/v2\/posts\/108695\/revisions"}],"wp:featuredmedia":[{"embeddable":true,"href":"https:\/\/www.europesays.com\/se\/wp-json\/wp\/v2\/media\/108696"}],"wp:attachment":[{"href":"https:\/\/www.europesays.com\/se\/wp-json\/wp\/v2\/media?parent=108695"}],"wp:term":[{"taxonomy":"category","embeddable":true,"href":"https:\/\/www.europesays.com\/se\/wp-json\/wp\/v2\/categories?post=108695"},{"taxonomy":"post_tag","embeddable":true,"href":"https:\/\/www.europesays.com\/se\/wp-json\/wp\/v2\/tags?post=108695"}],"curies":[{"name":"wp","href":"https:\/\/api.w.org\/{rel}","templated":true}]}}