{"id":108714,"date":"2025-12-17T10:08:08","date_gmt":"2025-12-17T10:08:08","guid":{"rendered":"https:\/\/www.europesays.com\/se\/108714\/"},"modified":"2025-12-17T10:08:08","modified_gmt":"2025-12-17T10:08:08","slug":"produktionsledare-till-lkab-malmtrafik-lkab","status":"publish","type":"post","link":"https:\/\/www.europesays.com\/se\/108714\/","title":{"rendered":"Produktionsledare till LKAB Malmtrafik &#8211; LKAB"},"content":{"rendered":"<p>    Framtidens viktigaste jobb<\/p>\n<p class=\"small-container paragraph\">\n<p>    Vi vill leda omst\u00e4llningen av v\u00e5r industri mot en h\u00e5llbar framtid. P\u00e5 samma s\u00e4tt som vi vill<br \/>\nf\u00f6r\u00e4ndra v\u00e4rlden, vill vi utveckla alla som \u00e4r med oss p\u00e5 resan, personligt och professionellt. Vill du<br \/>\nvara med och forma framtiden f\u00f6r v\u00e4rldens gruv- och mineralindustri?<\/p>\n<p class=\"small-container paragraph\">\n    <strong>LKAB Malmtrafik<\/strong>\n<\/p>\n<p class=\"small-container paragraph\">\n    LKAB Malmtrafik ansvarar f\u00f6r lastning, lossning och transport av LKAB:s j\u00e4rnmalmsprodukter p\u00e5 Malmbanan. Vi fraktar fr\u00e5n gruvorna i Kiruna och Malmberget till hamnarna i Lule\u00e5 och Narvik, samt till SSAB i Lule\u00e5.\n<\/p>\n<p>    Din roll<\/p>\n<p class=\"small-container paragraph\">\n    Som produktionsledare hos LKAB Malmtrafik spelar du en central roll i terminalernas dagliga styrning i b\u00e5de Kiruna och Svappavaara. Du planerar, leder och f\u00f6rdelar arbetet s\u00e5 att j\u00e4rnmalmspellets l\u00e4mnar Kiruna- och Svappavara terminal s\u00e4kert och i tid efter att de lastats p\u00e5 v\u00e5ra godst\u00e5g p\u00e5 v\u00e4g till Narvik Tillsammans med ledningsgrupp och medarbetare driver du st\u00e4ndiga f\u00f6rb\u00e4ttringar och ser till att v\u00e5rt arbetss\u00e4tt, v\u00e5ra maskiner och v\u00e5r utrustning utvecklas.\n<\/p>\n<p class=\"small-container paragraph\">\n    Dina huvudsakliga arbetsuppgifter inkluderar:\n<\/p>\n<ul class=\"list\">\n<li>Planerar dag och vecka tillsammans med \u00f6vriga skiftg\u00e5ende produktionschefer och gruppchef.<\/li>\n<li>F\u00f6ljer upp f\u00f6reg\u00e5ende vecka med ledningsgruppen och oms\u00e4tter insikter till \u00e5tg\u00e4rder.<\/li>\n<li>Leder den dagliga styrningen av arbetet, prioriterar resurser och fattar beslut vid avvikelser i terminalens produktionsfl\u00f6de.<\/li>\n<li>Initierar och genomf\u00f6r f\u00f6rb\u00e4ttringar tillsammans med ledningsgrupp och personal.<\/li>\n<li>Deltar i analysm\u00f6ten kopplade till terminal, vagnar, sp\u00e5r och underh\u00e5ll.<\/li>\n<li>Representerar terminalverksamheten i interna projekt och samverkansforum.<\/li>\n<li>S\u00e4kerst\u00e4ller efterlevnad av s\u00e4kerhetsregler (bl.a. A skydd, arbetsbesked, bryt  och l\u00e5s samt trafikregler) och genomf\u00f6r jobbobservationer.<\/li>\n<li>Driver riskhantering, b\u00e5de sj\u00e4lvst\u00e4ndigt och i n\u00e4ra dialog med chefer i ledningsgruppen.<\/li>\n<\/ul>\n<p>    Det h\u00e4r har du med dig<\/p>\n<p class=\"small-container paragraph\">\n    Vi s\u00f6ker dig som tar ansvar f\u00f6r s\u00e4kerhet och leverans och \u00e4r en strukturerad ledare som skapar ordning \u00e4ven i h\u00f6gt tempo. Du samarbetar v\u00e4l och bygger goda relationer, samtidigt som du \u00e4r initiativtagande och driver f\u00f6r\u00e4ndring. Du \u00e4r l\u00f6sningsorienterad och hittar v\u00e4gar fram\u00e5t vid utmaningar, och din lojalitet g\u00f6r dig till en trygg och stabil del av teamet.\n<\/p>\n<p class=\"small-container paragraph\">\n    Krav\n<\/p>\n<ul class=\"list\">\n<li>Gymnasieutbildning, g\u00e4rna med teknisk inriktning.<\/li>\n<li>Erfarenhet fr\u00e5n arbetsmilj\u00f6, produktion eller underh\u00e5ll.<\/li>\n<li>Ledarerfarenhet i operativ milj\u00f6.<\/li>\n<li>Flytande svenska, samt grundl\u00e4ggande f\u00f6rm\u00e5ga att kommunicera p\u00e5 engelska<\/li>\n<li>B-k\u00f6rkort<\/li>\n<\/ul>\n<p class=\"small-container paragraph\">\n    Meriterande\n<\/p>\n<ul class=\"list\">\n<li>Erfarenhet av j\u00e4rnv\u00e4g eller industriverksamhet.<\/li>\n<li>Vana av aff\u00e4rssystem, j\u00e4rnv\u00e4gssystem och HMS system.<\/li>\n<li>Kunskap om lastning\/lossning, fordon (t\u00e5g\/vagnar), signalsystem och sp\u00e5rinfrastruktur.<\/li>\n<\/ul>\n<p>    Varmt v\u00e4lkommen med din ans\u00f6kan!\u200b<\/p>\n<p class=\"small-container paragraph\">\n    Vi str\u00e4var efter en r\u00e4ttvis och objektiv rekryteringsprocess. D\u00e4rf\u00f6r ber vi vanligtvis inte om personliga brev. I st\u00e4llet ber vi dig att svara p\u00e5 fr\u00e5gor relaterat till den specifika tj\u00e4nsten du s\u00f6ker. Dina svar hj\u00e4lper oss att f\u00f6rst\u00e5 din kompetens och erfarenhet, s\u00e5 ta dig tid att svara s\u00e5 tydligt och utf\u00f6rligt som m\u00f6jligt.\n<\/p>\n<p class=\"small-container paragraph\">\n    Ans\u00f6kningar behandlas l\u00f6pande, s\u00e5 v\u00e4nta inte med din ans\u00f6kan.<\/p>\n<p class=\"small-container paragraph\">\n<p>    Start:\u202fEnligt \u00f6verenskommelse.<\/p>\n<p class=\"small-container paragraph\">\n<p>    Plats: Kiruna\n<\/p>\n<p class=\"small-container paragraph\">\n<p>    Omfattning: Heltid, dagtid m\u00e5ndag till fredag.\n<\/p>\n<p class=\"small-container paragraph\">\n<p>    Kontakt: F\u00f6r mer information om tj\u00e4nsten \u00e4r du v\u00e4lkommen att kontakta rekryterande chef  Mikael Fj\u00e4llborg, 070-3421297, alternativt mikael.fjallborg@lkab.com.\n<\/p>\n<p class=\"small-container paragraph\">\n<p>    Fackliga kontakter Kiruna\/ Svappavaara:\n<\/p>\n<ul class=\"list\">\n<li>Sakari Alanko, Unionen, 0980-725 08<\/li>\n<li>\n    Maja Krutr\u00f6k, Ledarna, 0980-535 50\n<\/li>\n<li>\n    Peter Johansson, Akademikerf\u00f6reningen, 0980-718 79\n<\/li>\n<\/ul>\n","protected":false},"excerpt":{"rendered":"Framtidens viktigaste jobb Vi vill leda omst\u00e4llningen av v\u00e5r industri mot en h\u00e5llbar framtid. P\u00e5 samma s\u00e4tt som&hellip;\n","protected":false},"author":2,"featured_media":26024,"comment_status":"","ping_status":"","sticky":false,"template":"","format":"standard","meta":{"footnotes":""},"categories":[65],"tags":[72,70,71,34,31,33,32,30],"class_list":{"0":"post-108714","1":"post","2":"type-post","3":"status-publish","4":"format-standard","5":"has-post-thumbnail","7":"category-ekonomi","8":"tag-business","9":"tag-economy","10":"tag-ekonomi","11":"tag-se","12":"tag-svenska","13":"tag-sverige","14":"tag-sweden","15":"tag-swedish"},"share_on_mastodon":{"url":"https:\/\/pubeurope.com\/@se\/115734361095213492","error":""},"_links":{"self":[{"href":"https:\/\/www.europesays.com\/se\/wp-json\/wp\/v2\/posts\/108714","targetHints":{"allow":["GET"]}}],"collection":[{"href":"https:\/\/www.europesays.com\/se\/wp-json\/wp\/v2\/posts"}],"about":[{"href":"https:\/\/www.europesays.com\/se\/wp-json\/wp\/v2\/types\/post"}],"author":[{"embeddable":true,"href":"https:\/\/www.europesays.com\/se\/wp-json\/wp\/v2\/users\/2"}],"replies":[{"embeddable":true,"href":"https:\/\/www.europesays.com\/se\/wp-json\/wp\/v2\/comments?post=108714"}],"version-history":[{"count":0,"href":"https:\/\/www.europesays.com\/se\/wp-json\/wp\/v2\/posts\/108714\/revisions"}],"wp:featuredmedia":[{"embeddable":true,"href":"https:\/\/www.europesays.com\/se\/wp-json\/wp\/v2\/media\/26024"}],"wp:attachment":[{"href":"https:\/\/www.europesays.com\/se\/wp-json\/wp\/v2\/media?parent=108714"}],"wp:term":[{"taxonomy":"category","embeddable":true,"href":"https:\/\/www.europesays.com\/se\/wp-json\/wp\/v2\/categories?post=108714"},{"taxonomy":"post_tag","embeddable":true,"href":"https:\/\/www.europesays.com\/se\/wp-json\/wp\/v2\/tags?post=108714"}],"curies":[{"name":"wp","href":"https:\/\/api.w.org\/{rel}","templated":true}]}}