{"id":108721,"date":"2025-12-17T10:16:08","date_gmt":"2025-12-17T10:16:08","guid":{"rendered":"https:\/\/www.europesays.com\/se\/108721\/"},"modified":"2025-12-17T10:16:08","modified_gmt":"2025-12-17T10:16:08","slug":"svea-hovratt-faststaller-rekonstruktionsplanerna-for-bolag-i-brodernas-koncernen","status":"publish","type":"post","link":"https:\/\/www.europesays.com\/se\/108721\/","title":{"rendered":"Svea hovr\u00e4tt fastst\u00e4ller rekonstruktionsplanerna f\u00f6r bolag i Br\u00f6dernas-koncernen"},"content":{"rendered":"<p>&#13;<br \/>\n&#13;<br \/>\nSvea hovr\u00e4tt har i dag meddelat beslut i ett m\u00e5l om fastst\u00e4llande av rekonstruktionsplaner i p\u00e5g\u00e5ende f\u00f6retagsrekonstruktioner f\u00f6r bolag inom restaurangkoncernen Br\u00f6dernas. Beslutet inneb\u00e4r att planerna forts\u00e4tter att g\u00e4lla.<\/p>\n<p>Bolag i restaurangkoncernen Br\u00f6dernas beviljades f\u00f6retagsrekonstruktion 2024. Stockholms och Solna tingsr\u00e4tter fastst\u00e4llde d\u00e4refter i b\u00f6rjan av h\u00f6sten 2025 rekonstruktionsplanerna f\u00f6r de flesta av bolagen. Rekonstruktionsplanerna inneh\u00e5ller \u00e5tg\u00e4rder som bolagen bed\u00f6mt n\u00f6dv\u00e4ndiga f\u00f6r att komma till r\u00e4tta med sina ekonomiska sv\u00e5righeter och s\u00e4kerst\u00e4lla att den verksamhet som bedrivs ska kunna forts\u00e4ttas. Planerna inneb\u00e4r bl.a. att bolagens skulder till borgen\u00e4rer ska s\u00e4ttas ned. <\/p>\n<p>Skatteverket, som \u00e4r en av bolagens borgen\u00e4rer, \u00f6verklagade besluten om fastst\u00e4llelse av rekonstruktionsplanerna till Svea hovr\u00e4tt avseende totalt 44 bolag. Skatteverket har framf\u00f6r allt gjort g\u00e4llande att rekonstruktionsplanerna \u00e4r alltf\u00f6r vaga och optimistiska. <\/p>\n<p>Hovr\u00e4tten har nu avslagit Skatteverkets \u00f6verklaganden, vilket inneb\u00e4r att rekonstruktionsplanerna forts\u00e4tter g\u00e4lla. <\/p>\n<p>&#8211; F\u00f6r att en rekonstruktionsplan inte ska fastst\u00e4llas kr\u00e4vs att domstolen ska g\u00f6ra bed\u00f6mningen att planen inte har rimliga utsikter att s\u00e4kra verksamhetens \u00f6verlevnad. Hovr\u00e4tten har f\u00f6r vart och ett av bolagen bed\u00f6mt att det inte finns s\u00e5dant hinder mot fastst\u00e4llande av rekonstruktionsplanen. Av betydelse f\u00f6r denna bed\u00f6mning har varit att bolagen i Br\u00f6dernas-koncernen i hovr\u00e4tten har utvecklat och beskrivit hur respektive bolags l\u00f6nsamhet ska f\u00f6rb\u00e4ttras om rekonstruktionsplanerna fastst\u00e4lls, s\u00e4ger hovr\u00e4ttsr\u00e5det Claes Lewenhaupt.<\/p>\n<p>Hovr\u00e4ttens beslut f\u00e5r \u00f6verklagas senast den 7 januari 2026.<\/p>\n","protected":false},"excerpt":{"rendered":"&#13; &#13; Svea hovr\u00e4tt har i dag meddelat beslut i ett m\u00e5l om fastst\u00e4llande av rekonstruktionsplaner i p\u00e5g\u00e5ende&hellip;\n","protected":false},"author":2,"featured_media":42457,"comment_status":"","ping_status":"","sticky":false,"template":"","format":"standard","meta":{"footnotes":""},"categories":[65],"tags":[72,70,71,34,31,33,32,30],"class_list":{"0":"post-108721","1":"post","2":"type-post","3":"status-publish","4":"format-standard","5":"has-post-thumbnail","7":"category-ekonomi","8":"tag-business","9":"tag-economy","10":"tag-ekonomi","11":"tag-se","12":"tag-svenska","13":"tag-sverige","14":"tag-sweden","15":"tag-swedish"},"share_on_mastodon":{"url":"https:\/\/pubeurope.com\/@se\/115734392563852366","error":""},"_links":{"self":[{"href":"https:\/\/www.europesays.com\/se\/wp-json\/wp\/v2\/posts\/108721","targetHints":{"allow":["GET"]}}],"collection":[{"href":"https:\/\/www.europesays.com\/se\/wp-json\/wp\/v2\/posts"}],"about":[{"href":"https:\/\/www.europesays.com\/se\/wp-json\/wp\/v2\/types\/post"}],"author":[{"embeddable":true,"href":"https:\/\/www.europesays.com\/se\/wp-json\/wp\/v2\/users\/2"}],"replies":[{"embeddable":true,"href":"https:\/\/www.europesays.com\/se\/wp-json\/wp\/v2\/comments?post=108721"}],"version-history":[{"count":0,"href":"https:\/\/www.europesays.com\/se\/wp-json\/wp\/v2\/posts\/108721\/revisions"}],"wp:featuredmedia":[{"embeddable":true,"href":"https:\/\/www.europesays.com\/se\/wp-json\/wp\/v2\/media\/42457"}],"wp:attachment":[{"href":"https:\/\/www.europesays.com\/se\/wp-json\/wp\/v2\/media?parent=108721"}],"wp:term":[{"taxonomy":"category","embeddable":true,"href":"https:\/\/www.europesays.com\/se\/wp-json\/wp\/v2\/categories?post=108721"},{"taxonomy":"post_tag","embeddable":true,"href":"https:\/\/www.europesays.com\/se\/wp-json\/wp\/v2\/tags?post=108721"}],"curies":[{"name":"wp","href":"https:\/\/api.w.org\/{rel}","templated":true}]}}