{"id":108726,"date":"2025-12-17T10:22:11","date_gmt":"2025-12-17T10:22:11","guid":{"rendered":"https:\/\/www.europesays.com\/se\/108726\/"},"modified":"2025-12-17T10:22:11","modified_gmt":"2025-12-17T10:22:11","slug":"julkalas-alfons-aberg-av-gunilla-bergstrom","status":"publish","type":"post","link":"https:\/\/www.europesays.com\/se\/108726\/","title":{"rendered":"\u201dJulkalas, Alfons \u00c5berg\u201d av Gunilla Bergstr\u00f6m"},"content":{"rendered":"<p>Han blir aldrig \u00e4ldre \u00e4n 8 \u00e5r, den evigt rosenkindade Alfons \u00c5berg, trots att han h\u00e4rom\u00e5ret passerade 50-strecket. Men antalet b\u00f6cker med honom i huvudrollen \u00e4r st\u00e4ndigt v\u00e4xande, \u00e4ven efter f\u00f6rfattaren Gunilla Bergstr\u00f6ms d\u00f6d i augusti 2021. Ibland sker det lite i skymundan \u2013 de senaste pekb\u00f6ckerna \u00e4r till exempel inte med i Rab\u00e9n &amp; Sj\u00f6grens verkf\u00f6rteckning. Men s\u00e5 \u00e4r de inte heller skrivna av Bergstr\u00f6m, utan har andra f\u00f6rfattarnamn i finstilt p\u00e5 bak\u00adsidan. <\/p>\n<p>\u201dJulkalas, Alfons \u00c5berg\u201d kommer emellertid att f\u00e5 sin r\u00e4ttm\u00e4tiga plats p\u00e5 listan \u00f6ver bilderb\u00f6cker, som nummer\u00a027 i ordningen \u2013 lite beroende p\u00e5 hur man r\u00e4knar. F\u00f6r i Bergstr\u00f6ms kvarl\u00e5tenskap fanns en flytt\u00adkartong med n\u00e4stan f\u00e4rdigst\u00e4llda manus, illustrationer och sm\u00e5 anvisningar om respektive ber\u00e4ttelse. L\u00e5dan st\u00e5r nu p\u00e5 Rab\u00e9n &amp; Sj\u00f6grens f\u00f6rlag p\u00e5 Riddarholmen i Stock\u00adholm och redan n\u00e4sta h\u00f6st kommer det \u00e4nnu en bok. I ett pressmeddelande uttalar sig Bergstr\u00f6ms son P\u00e5l Andersson: \u201dB\u00f6ckerna \u00e4r k\u00e4rnan i allt vi g\u00f6r och att l\u00e5ta \u00e4nnu en av Gunillas Alfons-ber\u00e4ttelser f\u00e5 sprida l\u00e4s\u00adgl\u00e4dje i bokform \u00e4r vi mycket stolta och glada f\u00f6r, samt \u00e4ven n\u00e5got Gunilla sj\u00e4lv \u00f6nskade\u201d. <\/p>\n","protected":false},"excerpt":{"rendered":"Han blir aldrig \u00e4ldre \u00e4n 8 \u00e5r, den evigt rosenkindade Alfons \u00c5berg, trots att han h\u00e4rom\u00e5ret passerade 50-strecket.&hellip;\n","protected":false},"author":2,"featured_media":108727,"comment_status":"","ping_status":"","sticky":false,"template":"","format":"standard","meta":{"footnotes":""},"categories":[67],"tags":[104,34,31,33,32,30,105],"class_list":{"0":"post-108726","1":"post","2":"type-post","3":"status-publish","4":"format-standard","5":"has-post-thumbnail","7":"category-underhallning","8":"tag-entertainment","9":"tag-se","10":"tag-svenska","11":"tag-sverige","12":"tag-sweden","13":"tag-swedish","14":"tag-underhallning"},"share_on_mastodon":{"url":"https:\/\/pubeurope.com\/@se\/115734418408110502","error":""},"_links":{"self":[{"href":"https:\/\/www.europesays.com\/se\/wp-json\/wp\/v2\/posts\/108726","targetHints":{"allow":["GET"]}}],"collection":[{"href":"https:\/\/www.europesays.com\/se\/wp-json\/wp\/v2\/posts"}],"about":[{"href":"https:\/\/www.europesays.com\/se\/wp-json\/wp\/v2\/types\/post"}],"author":[{"embeddable":true,"href":"https:\/\/www.europesays.com\/se\/wp-json\/wp\/v2\/users\/2"}],"replies":[{"embeddable":true,"href":"https:\/\/www.europesays.com\/se\/wp-json\/wp\/v2\/comments?post=108726"}],"version-history":[{"count":0,"href":"https:\/\/www.europesays.com\/se\/wp-json\/wp\/v2\/posts\/108726\/revisions"}],"wp:featuredmedia":[{"embeddable":true,"href":"https:\/\/www.europesays.com\/se\/wp-json\/wp\/v2\/media\/108727"}],"wp:attachment":[{"href":"https:\/\/www.europesays.com\/se\/wp-json\/wp\/v2\/media?parent=108726"}],"wp:term":[{"taxonomy":"category","embeddable":true,"href":"https:\/\/www.europesays.com\/se\/wp-json\/wp\/v2\/categories?post=108726"},{"taxonomy":"post_tag","embeddable":true,"href":"https:\/\/www.europesays.com\/se\/wp-json\/wp\/v2\/tags?post=108726"}],"curies":[{"name":"wp","href":"https:\/\/api.w.org\/{rel}","templated":true}]}}