{"id":108742,"date":"2025-12-17T10:40:13","date_gmt":"2025-12-17T10:40:13","guid":{"rendered":"https:\/\/www.europesays.com\/se\/108742\/"},"modified":"2025-12-17T10:40:13","modified_gmt":"2025-12-17T10:40:13","slug":"strejken-pa-louvren-forlangs","status":"publish","type":"post","link":"https:\/\/www.europesays.com\/se\/108742\/","title":{"rendered":"Strejken p\u00e5 Louvren f\u00f6rl\u00e4ngs"},"content":{"rendered":"<p>share-arrowDela<\/p>\n<p>unsaveSpara<\/p>\n<p>expand-left<\/p>\n<p>helsk\u00e4rm<img decoding=\"async\" class=\"image-asset hyperion-css-u06ts1\" data-test-tag=\"image-asset\" src=\"https:\/\/www.europesays.com\/se\/wp-content\/uploads\/2025\/12\/a9de43a1-a681-48de-b933-f273bbb342c5\"  alt=\"Fackanslutna demonstrerar utanf\u00f6r entr\u00e9n till Louvren i Paris p\u00e5 onsdagen.\"  loading=\"eager\" fetchpriority=\"high\" style=\"aspect-ratio:1900 \/ 1267\"\/>Fackanslutna demonstrerar utanf\u00f6r entr\u00e9n till Louvren i Paris p\u00e5 onsdagen. Foto: Christophe Ena\/AP\/TT<\/p>\n<p class=\"hyperion-css-1shl3oz\" data-test-tag=\"lead-text\">Anst\u00e4llda p\u00e5 Louvren r\u00f6stade p\u00e5 onsdagen f\u00f6r att f\u00f6rl\u00e4nga strejken p\u00e5 museet.<\/p>\n<p class=\"hyperion-css-1shl3oz\" data-test-tag=\"lead-text\">Utanf\u00f6r k\u00f6ade hundratals personer f\u00f6r att komma in p\u00e5 museet, som \u00e4r det mest bes\u00f6kta i v\u00e4rlden.<\/p>\n<p class=\"hyperion-css-1v9qo5x\">\u2013 Strejkvarslet har uppr\u00e4tth\u00e5llits och strejken godk\u00e4ndes enh\u00e4lligt, s\u00e4ger Valerie Baud, talesperson f\u00f6r fackf\u00f6reningen CFDT, till reportrar utanf\u00f6r museet.<\/p>\n<p class=\"hyperion-css-1v9qo5x\">F\u00f6rslag fr\u00e5n kulturdepartementet \u201danses otillr\u00e4ckliga och oacceptabla av de anst\u00e4llda\u201d, heter det i ett uttalande fr\u00e5n fackf\u00f6rbundet CGT.<\/p>\n<p class=\"hyperion-css-1v9qo5x\">Det var p\u00e5 m\u00e5ndagen som uppretade museianst\u00e4llda inledde en strejk f\u00f6r b\u00e4ttre arbetsvillkor. Man kritiserar bland annat personalbrist och allm\u00e4nt f\u00f6rfall i den ansedda konstinstitutionen. Sp\u00e4nningarna har sp\u00e4tts p\u00e5 ytterligare efter den spektakul\u00e4ra juvelst\u00f6lden fr\u00e5n museet f\u00f6r snart tv\u00e5 m\u00e5nader sedan.<\/p>\n<p class=\"hyperion-css-1v9qo5x\">Strejken har enligt fackf\u00f6reningarna CGT och CFDT brett st\u00f6d i personalstyrkan p\u00e5 2\u00a0200 personer.<\/p>\n<p class=\"hyperion-css-1v9qo5x\">Samtidigt som de anst\u00e4llda r\u00f6stade f\u00f6r att f\u00f6rl\u00e4nga strejken k\u00f6ade hundratals personer med biljetter utanf\u00f6r byggnaden.<\/p>\n<p class=\"hyperion-css-1v9qo5x\">Det \u00e4r oklart om beskedet inneb\u00e4r att museet, v\u00e4rldens mest bes\u00f6kta med \u00f6ver \u00e5tta miljoner bes\u00f6kare per \u00e5r, kommer att h\u00e5lla helt st\u00e4ngt under onsdagen. P\u00e5 Louvrens hemsida st\u00e5r att \u00f6ppningen kan senarel\u00e4ggas och att vissa utst\u00e4llningar kan f\u00f6rbli st\u00e4llda p\u00e5 grund av strejk.<\/p>\n","protected":false},"excerpt":{"rendered":"share-arrowDela unsaveSpara expand-left helsk\u00e4rmFackanslutna demonstrerar utanf\u00f6r entr\u00e9n till Louvren i Paris p\u00e5 onsdagen. Foto: Christophe Ena\/AP\/TT Anst\u00e4llda p\u00e5&hellip;\n","protected":false},"author":2,"featured_media":108743,"comment_status":"","ping_status":"","sticky":false,"template":"","format":"standard","meta":{"footnotes":""},"categories":[67],"tags":[104,34,31,33,32,30,105],"class_list":{"0":"post-108742","1":"post","2":"type-post","3":"status-publish","4":"format-standard","5":"has-post-thumbnail","7":"category-underhallning","8":"tag-entertainment","9":"tag-se","10":"tag-svenska","11":"tag-sverige","12":"tag-sweden","13":"tag-swedish","14":"tag-underhallning"},"share_on_mastodon":{"url":"https:\/\/pubeurope.com\/@se\/115734487085884365","error":""},"_links":{"self":[{"href":"https:\/\/www.europesays.com\/se\/wp-json\/wp\/v2\/posts\/108742","targetHints":{"allow":["GET"]}}],"collection":[{"href":"https:\/\/www.europesays.com\/se\/wp-json\/wp\/v2\/posts"}],"about":[{"href":"https:\/\/www.europesays.com\/se\/wp-json\/wp\/v2\/types\/post"}],"author":[{"embeddable":true,"href":"https:\/\/www.europesays.com\/se\/wp-json\/wp\/v2\/users\/2"}],"replies":[{"embeddable":true,"href":"https:\/\/www.europesays.com\/se\/wp-json\/wp\/v2\/comments?post=108742"}],"version-history":[{"count":0,"href":"https:\/\/www.europesays.com\/se\/wp-json\/wp\/v2\/posts\/108742\/revisions"}],"wp:featuredmedia":[{"embeddable":true,"href":"https:\/\/www.europesays.com\/se\/wp-json\/wp\/v2\/media\/108743"}],"wp:attachment":[{"href":"https:\/\/www.europesays.com\/se\/wp-json\/wp\/v2\/media?parent=108742"}],"wp:term":[{"taxonomy":"category","embeddable":true,"href":"https:\/\/www.europesays.com\/se\/wp-json\/wp\/v2\/categories?post=108742"},{"taxonomy":"post_tag","embeddable":true,"href":"https:\/\/www.europesays.com\/se\/wp-json\/wp\/v2\/tags?post=108742"}],"curies":[{"name":"wp","href":"https:\/\/api.w.org\/{rel}","templated":true}]}}