{"id":108744,"date":"2025-12-17T10:42:10","date_gmt":"2025-12-17T10:42:10","guid":{"rendered":"https:\/\/www.europesays.com\/se\/108744\/"},"modified":"2025-12-17T10:42:10","modified_gmt":"2025-12-17T10:42:10","slug":"logistikparkens-vd-sven-magnusson-gar-i-pension","status":"publish","type":"post","link":"https:\/\/www.europesays.com\/se\/108744\/","title":{"rendered":"Logistikparkens vd Sven Magnusson g\u00e5r i pension"},"content":{"rendered":"<p><a target=\"_blank\" href=\"https:\/\/newsroom.notified.com\/sundsvall-kommun\/posts\/pressreleases\/logistikparkens-vd-sven-magnusson-gar-i-pensi\" rel=\"nofollow noopener\"><img decoding=\"async\" class=\"image\" src=\"https:\/\/www.europesays.com\/se\/wp-content\/uploads\/2025\/12\/9bbSrpBKT8C4H8Hcsa4F.webp\" alt=\"Logistikparkens vd Sven Magnusson (till h\u00f6ger i bild) g\u00e5r i pension, ny vd blir Johan Stenstr\u00f6m.\"\/><\/a><\/p>\n<p><strong>Vid \u00e5rsskiftet \u00e4r det dags f\u00f6r Logistikparkens vd Sven Magnusson att efter n\u00e4ra tio \u00e5r p\u00e5 posten g\u00e5 i pension. Tar \u00f6ver efter honom g\u00f6r Johan Stenstr\u00f6m, som \u00e4ven \u00e4r vd f\u00f6r Sundsvalls hamn och Sundsvall Oljehamn.<\/strong><\/p>\n<p>\u2212 Jag vill rikta mitt och styrelsens varma tack till Sven f\u00f6r hans tid i Logistikparken. Under de h\u00e4r \u00e5ren har han varit med och skapat nya m\u00f6jligheter f\u00f6r h\u00e5llbara och effektiva transporter i hela regionen, st\u00e4rkt n\u00e4ringslivets konkurrenskraft &#8211; och genom minskad tung trafik genom stan &#8211; bidragit till l\u00e4gre klimatp\u00e5verkan, s\u00e4ger Anita Bdioui, styrelseordf\u00f6rande f\u00f6r Sundsvall Logistikpark. <\/p>\n<p>Johan Stenstr\u00f6m tilltr\u00e4dde som vd f\u00f6r Sundsvalls hamn och Sundsvall Oljehamn s\u00e5 sent som i februari i \u00e5r. Nu tar han \u00f6ver \u00e4ven som vd f\u00f6r Sundsvall Logistikpark. <\/p>\n<p>Enligt Anita Bdioui, som \u00e4ven \u00e4r styrelseordf\u00f6rande f\u00f6r Sundsvalls hamn och Sundsvall Oljehamn, \u00e4r det h\u00e4r en v\u00e4ldigt passande och effektiv l\u00f6sning.<\/p>\n<p>\u2212 Ja, det h\u00e4r \u00e4r en v\u00e4ldigt bra l\u00f6sning, organisatoriskt och ekonomiskt. Organisatoriskt \u00e4r det tre f\u00f6rh\u00e5llandevis sm\u00e5 bolag som har mycket att vinna p\u00e5 att samordna sig och dela viss kompetens mellan bolagen, n\u00e5got som i h\u00f6gsta grad \u00e4r g\u00f6rbart d\u00e5 bolagens verksamheter tangerar varandra. Det i sin tur blir dessutom ekonomiskt h\u00e5llbart, s\u00e4ger Anita Bdioui.<\/p>\n<p>Den 1 januari 2026 kliver Johan Stenstr\u00f6m in i den nya rollen som vd f\u00f6r Sundsvall Logistikpark.<\/p>\n<p>\u2013 Det \u00e4r en utmaning och ett uppdrag jag ser fram emot. Delvis nya arbetsuppgifter, men \u00e4ven mycket som jag kan ta med mig fr\u00e5n mina andra vd-uppdrag. Jag har dessutom erfarenhet av kombitrafik fr\u00e5n mitt tidigare jobb vid Sundfrakt i S\u00f6r\u00e5kers Hamn. Att samordna Sundsvalls logistik och infrastruktur \u00e4r den naturliga v\u00e4gen att g\u00e5 f\u00f6r att utveckla och st\u00e4rka Sundsvall som internationellt logistikcentra, s\u00e4ger Johan Stenstr\u00f6m.<\/p>\n<p>Det \u00e4r dock inte utan ett visst vemod som Sven Magnusson nu l\u00e4mnar uppdraget efter n\u00e4ra tio \u00e5r.<\/p>\n<p>\u2212 Det har varit en intressant period, som pr\u00e4glats av m\u00e5nga utmaningar. Min f\u00f6rhoppning \u00e4r nu att f\u00f6rvaltningen och utvecklingen av Logistikparken ska ta fart och att vi uppn\u00e5r de t\u00e4nkta effekterna. En kommun beh\u00f6ver en l\u00e5ngsiktigt h\u00e5llbar ambition med fokus p\u00e5 logistik, och med Logistikparken finns alla m\u00f6jligheter, s\u00e4ger Sven Magnusson.<\/p>\n<p><a target=\"_blank\" class=\"btn btn-green me-2 mt-1\" href=\"https:\/\/newsroom.notified.com\/sundsvall-kommun\/posts\/pressreleases\/logistikparkens-vd-sven-magnusson-gar-i-pensi\" rel=\"nofollow noopener\">Read post on Sundsvalls kommun newsroom<\/a><a target=\"_blank\" class=\"btn btn-green mt-1\" href=\"https:\/\/newsroom.notified.com\/sundsvall-kommun\" rel=\"nofollow noopener\">Visit Sundsvalls kommun newsroom<\/a><\/p>\n","protected":false},"excerpt":{"rendered":"Vid \u00e5rsskiftet \u00e4r det dags f\u00f6r Logistikparkens vd Sven Magnusson att efter n\u00e4ra tio \u00e5r p\u00e5 posten g\u00e5&hellip;\n","protected":false},"author":2,"featured_media":108745,"comment_status":"","ping_status":"","sticky":false,"template":"","format":"standard","meta":{"footnotes":""},"categories":[65],"tags":[72,70,71,34,31,33,32,30],"class_list":{"0":"post-108744","1":"post","2":"type-post","3":"status-publish","4":"format-standard","5":"has-post-thumbnail","7":"category-ekonomi","8":"tag-business","9":"tag-economy","10":"tag-ekonomi","11":"tag-se","12":"tag-svenska","13":"tag-sverige","14":"tag-sweden","15":"tag-swedish"},"share_on_mastodon":{"url":"https:\/\/pubeurope.com\/@se\/115734494997215785","error":""},"_links":{"self":[{"href":"https:\/\/www.europesays.com\/se\/wp-json\/wp\/v2\/posts\/108744","targetHints":{"allow":["GET"]}}],"collection":[{"href":"https:\/\/www.europesays.com\/se\/wp-json\/wp\/v2\/posts"}],"about":[{"href":"https:\/\/www.europesays.com\/se\/wp-json\/wp\/v2\/types\/post"}],"author":[{"embeddable":true,"href":"https:\/\/www.europesays.com\/se\/wp-json\/wp\/v2\/users\/2"}],"replies":[{"embeddable":true,"href":"https:\/\/www.europesays.com\/se\/wp-json\/wp\/v2\/comments?post=108744"}],"version-history":[{"count":0,"href":"https:\/\/www.europesays.com\/se\/wp-json\/wp\/v2\/posts\/108744\/revisions"}],"wp:featuredmedia":[{"embeddable":true,"href":"https:\/\/www.europesays.com\/se\/wp-json\/wp\/v2\/media\/108745"}],"wp:attachment":[{"href":"https:\/\/www.europesays.com\/se\/wp-json\/wp\/v2\/media?parent=108744"}],"wp:term":[{"taxonomy":"category","embeddable":true,"href":"https:\/\/www.europesays.com\/se\/wp-json\/wp\/v2\/categories?post=108744"},{"taxonomy":"post_tag","embeddable":true,"href":"https:\/\/www.europesays.com\/se\/wp-json\/wp\/v2\/tags?post=108744"}],"curies":[{"name":"wp","href":"https:\/\/api.w.org\/{rel}","templated":true}]}}