{"id":108755,"date":"2025-12-17T10:50:09","date_gmt":"2025-12-17T10:50:09","guid":{"rendered":"https:\/\/www.europesays.com\/se\/108755\/"},"modified":"2025-12-17T10:50:09","modified_gmt":"2025-12-17T10:50:09","slug":"ncc-miljardkrav-mot-trafikverket-efter-bruten-uppgorelse-om-vastlanken","status":"publish","type":"post","link":"https:\/\/www.europesays.com\/se\/108755\/","title":{"rendered":"NCC: Miljardkrav mot Trafikverket efter bruten uppg\u00f6relse om V\u00e4stl\u00e4nken"},"content":{"rendered":"<p>NCC och konsortiet West Link Contractors (WLC) som har jobbat p\u00e5 V\u00e4stl\u00e4nken vid Korsv\u00e4gen kommer att rikta ett miljardkrav mot Trafikverket, efter att avtalet med byggbolaget h\u00e4vdes i september. <\/p>\n<p>Trafikverket h\u00e4vde avtalet med h\u00e4nvisning till allvarliga brister i projektet. <a href=\"https:\/\/www.svt.se\/nyheter\/lokalt\/vast\/trafikverket-stammer-ncc-efter-bruten-vastlanken-uppgorelse\" rel=\"nofollow noopener\" target=\"_blank\">I november st\u00e4mde Trafikverket NCC och WLC p\u00e5 drygt 1,35 miljarder kronor<\/a>. <\/p>\n<p>Nu kommer NCC och WLC kr\u00e4va skadest\u00e5nd och ers\u00e4ttning \u2013 ocks\u00e5 f\u00f6r miljardbelopp. De menar att h\u00e4vningen var ett allvarligt avtalsbrott.<\/p>\n<p>Kr\u00e4ver miljardbelopp<\/p>\n<p>Kraven \u00e4r inte helt sammanst\u00e4llda och det \u00e4r d\u00e4rf\u00f6r fortfarande oklart hur mycket det handlar om.<\/p>\n<p>\u201dSammantaget kommer de totala kraven att uppg\u00e5 till miljardbelopp\u201d, skriver NCC i ett pressmeddelande.<\/p>\n<p>WLC f\u00f6rbereder ocks\u00e5 en st\u00e4mningsans\u00f6kan mot Trafikverket, och bestrider Trafikverkets st\u00e4mning mot dem. <\/p>\n","protected":false},"excerpt":{"rendered":"NCC och konsortiet West Link Contractors (WLC) som har jobbat p\u00e5 V\u00e4stl\u00e4nken vid Korsv\u00e4gen kommer att rikta ett&hellip;\n","protected":false},"author":2,"featured_media":793,"comment_status":"","ping_status":"","sticky":false,"template":"","format":"standard","meta":{"footnotes":""},"categories":[65],"tags":[72,70,71,34,31,33,32,30],"class_list":{"0":"post-108755","1":"post","2":"type-post","3":"status-publish","4":"format-standard","5":"has-post-thumbnail","7":"category-ekonomi","8":"tag-business","9":"tag-economy","10":"tag-ekonomi","11":"tag-se","12":"tag-svenska","13":"tag-sverige","14":"tag-sweden","15":"tag-swedish"},"share_on_mastodon":{"url":"https:\/\/pubeurope.com\/@se\/115734526272694845","error":""},"_links":{"self":[{"href":"https:\/\/www.europesays.com\/se\/wp-json\/wp\/v2\/posts\/108755","targetHints":{"allow":["GET"]}}],"collection":[{"href":"https:\/\/www.europesays.com\/se\/wp-json\/wp\/v2\/posts"}],"about":[{"href":"https:\/\/www.europesays.com\/se\/wp-json\/wp\/v2\/types\/post"}],"author":[{"embeddable":true,"href":"https:\/\/www.europesays.com\/se\/wp-json\/wp\/v2\/users\/2"}],"replies":[{"embeddable":true,"href":"https:\/\/www.europesays.com\/se\/wp-json\/wp\/v2\/comments?post=108755"}],"version-history":[{"count":0,"href":"https:\/\/www.europesays.com\/se\/wp-json\/wp\/v2\/posts\/108755\/revisions"}],"wp:featuredmedia":[{"embeddable":true,"href":"https:\/\/www.europesays.com\/se\/wp-json\/wp\/v2\/media\/793"}],"wp:attachment":[{"href":"https:\/\/www.europesays.com\/se\/wp-json\/wp\/v2\/media?parent=108755"}],"wp:term":[{"taxonomy":"category","embeddable":true,"href":"https:\/\/www.europesays.com\/se\/wp-json\/wp\/v2\/categories?post=108755"},{"taxonomy":"post_tag","embeddable":true,"href":"https:\/\/www.europesays.com\/se\/wp-json\/wp\/v2\/tags?post=108755"}],"curies":[{"name":"wp","href":"https:\/\/api.w.org\/{rel}","templated":true}]}}