{"id":108763,"date":"2025-12-17T10:56:12","date_gmt":"2025-12-17T10:56:12","guid":{"rendered":"https:\/\/www.europesays.com\/se\/108763\/"},"modified":"2025-12-17T10:56:12","modified_gmt":"2025-12-17T10:56:12","slug":"mordade-tintins-mamma-gravid-igen-ett-mirakel","status":"publish","type":"post","link":"https:\/\/www.europesays.com\/se\/108763\/","title":{"rendered":"M\u00f6rdade Tintins mamma gravid igen: \u201dEtt mirakel\u201d"},"content":{"rendered":"<p>Publicerad 17 dec 2025 kl 10.16<\/p>\n<p>Sonen Tintin m\u00f6rdades av sin pappa. Dottern Celin dog i hennes mage i nionde m\u00e5naden.<\/p>\n<p>Men nu blir Sanam Gharaee mamma p\u00e5 nytt.\u00a0<\/p>\n<p>I magen lever en liten flicka runt och p\u00e5minner om att ljuset alltid vinner \u00f6ver det allra m\u00f6rkaste.\u00a0<\/p>\n<p>Senaste nyhetsklippen fr\u00e5n Expressen.<img   alt=\"\"\/><\/p>\n<p>Sanam Gharaee \u00e4r gravid och v\u00e4ntar en flicka. I v\u00e5r blir hon mamma efter tio f\u00f6rs\u00f6k att bli gravid p\u00e5 nytt.<\/p>\n<p>Foto: SVEN LINDWALL<\/p>\n<p>\u00d6ppna bild i helsk\u00e4rm<img loading=\"lazy\"   alt=\"\"\/><\/p>\n<p>Tintin var bara 8 \u00e5r n\u00e4r han m\u00f6rdades av sin pappa under ett tv\u00e5 timmar l\u00e5ngt obevakat umg\u00e4nge.<\/p>\n<p>Foto: Privat<\/p>\n<p>\u00d6ppna bild i helsk\u00e4rm<\/p>\n<p>Sanam Gharaee, 44, \u00e4r i Stockholm f\u00f6r att delta i en hearing p\u00e5 regeringskansliet om hur man ska st\u00e4rka barns r\u00e4tt att komma till tals i m\u00e5l om v\u00e5rdnad, boende och umg\u00e4nge. Det \u00e4r bara en dryg vecka kvar till jul.\u00a0<\/p>\n<p>Artikeln i korthet<\/p>\n<p> Sanam Gharaee, ordf\u00f6rande i f\u00f6reningen Lex Tintin, \u00e4r gravid med en flicka som ska f\u00f6das under v\u00e5ren, efter en l\u00e5ng och sv\u00e5r resa f\u00f6r att bli gravid p\u00e5 egen hand.<\/p>\n<p> Hennes son Tintin, 8, m\u00f6rdades av sin pappa i januari 2023, och m\u00e5nader tidigare f\u00f6rlorade hon dottern Celin i graviditetens nionde m\u00e5nad.<\/p>\n<p> Ett st\u00f6d kom fr\u00e5n ov\u00e4ntat h\u00e5ll \u2013 programledaren Petra Mede som leder Tintingalan i Lule\u00e5 den 8 januari till minne av Tintin<\/p>\n<p>Visa mer<\/p>\n<p>Som ordf\u00f6rande i f\u00f6reningen Lex Tintin \u00e4r hon inbjuden tillsammans med andra samh\u00e4llsakt\u00f6rer som arbetar f\u00f6r att st\u00e4rka barns r\u00e4ttigheter.\u00a0<\/p>\n<p>Hennes arbete i f\u00f6reningen forts\u00e4tter. Men sedan en tid tillbaka har hon dubbla fokus.\u00a0<\/p>\n<p>\u201dDet \u00e4r ett mirakel\u201d<\/p>\n<p>Sanam Gharaee \u00e4r gravid. Det syns redan och hon \u00e4r redo att dela nyheten om att hon kommer att bli mamma till en flicka under v\u00e5ren.\u00a0<\/p>\n<p>\u2013 Jag \u00e4r redan mamma till tv\u00e5 barn, men nu f\u00e5r jag ett barn som lever. Det \u00e4r ett mirakel. Jag kommer f\u00e5 bli kallad mamma igen, s\u00e4ger Sanam Gharaee.<\/p>\n<p><img loading=\"lazy\"   alt=\"\"\/><\/p>\n<p>\u201dEtt mirakel\u201d. Sanam Gharaee, 44, fick reda p\u00e5 att hon var gravid samma datum som hennes dotter dog i magen, den 23 augusti. I v\u00e5r blir hon mamma till en liten flicka.<\/p>\n<p>Foto: SVEN LINDWALL<\/p>\n<p>\u00d6ppna bild i helsk\u00e4rm<\/p>\n<p>Sonen Tintin, 8, m\u00f6rdades av sin pappa under ett tv\u00e5 timmar l\u00e5ngt, obevakat bes\u00f6k i januari 2023. Bara m\u00e5nader innan hade Sanam f\u00f6rlorat sin dotter Celin i graviditetens nionde m\u00e5nad efter att flickan hade f\u00e5tt navelstr\u00e4ngen kring halsen.\u00a0<\/p>\n<p>Hon blev tvungen att f\u00f6da sin dotter och begrava henne tillsammans med Tintin. Nu \u00e4r hon p\u00e5 v\u00e4g mot tredje julen utan sina barn. Men det h\u00e4r \u00e5ret finns ett nytt liv med och hon g\u00f6r sig p\u00e5mind lite mer \u00e4n halvv\u00e4gs in i graviditeten.<\/p>\n<p>\u2013 Hon \u00e4r superaktiv och sparkar runt, jag k\u00e4nner henne hela tiden.<\/p>\n<p>St\u00f6det fr\u00e5n Petra Mede<\/p>\n<p>Sanam Gharaee har ber\u00e4ttat om sin kamp f\u00f6r att bli gravid p\u00e5 nytt p\u00e5 egen hand.\u00a0<\/p>\n<p>\u2013 Jag kommer att bli mamma. Jag m\u00e5ste bara st\u00e5 ut under processen, sa hon n\u00e4r boken \u201dGl\u00f6m aldrig Tintin\u201d sl\u00e4pptes. \u00a0<\/p>\n<p>Tionde g\u00e5ngen gillt. S\u00e5 m\u00e5nga g\u00e5nger har hon f\u00f6rs\u00f6kt. F\u00f6rsta g\u00e5ngen redan n\u00e4r Tintin levde. En v\u00e4g kantad av m\u00e5nga besvikelser och under v\u00e5ren tog hon en paus. Hon hade f\u00e5tt avslag p\u00e5 ans\u00f6kan om f\u00f6rnyat kontaktf\u00f6rbud f\u00f6r Alexander Rad, Tintins pappa. Ett beslut som senare upph\u00e4vdes i hovr\u00e4tten.<\/p>\n<p>\u2013 Jag m\u00e5dde s\u00e5 d\u00e5ligt, det tog all energi att \u00f6verklaga och jag best\u00e4mde mig f\u00f6r att ta en paus med gravidf\u00f6rs\u00f6ken och fokusera p\u00e5 annat.<\/p>\n<p><img loading=\"lazy\"   alt=\"\"\/><\/p>\n<p>Petra Mede l\u00e4ste Sanams bok \u201dGl\u00f6m aldrig Tintin\u201d och blev djupt ber\u00f6rd. Nu ska hon leda \u00e5rets Tintingala i Lule\u00e5 den 8 januari. \u201dDet ska bli humor och Mellos\u00e5nger f\u00f6r hela slanten\u201d s\u00e4ger hon.<\/p>\n<p>Foto: Pontus Lundahl\/TT<\/p>\n<p>\u00d6ppna bild i helsk\u00e4rm<\/p>\n<p>En kv\u00e4ll gick hon igenom bokf\u00f6ringen i f\u00f6reningen Lex Tintin och s\u00e5g ett bekant namn \u2013 en donation fr\u00e5n komikern och programledaren Petra Mede. Ett tecken. Petra Mede har ocks\u00e5 ber\u00e4ttat om hur hon fick sin andra dotter p\u00e5 egen hand vid 52 \u00e5rs \u00e5lder.<\/p>\n<p>Annons<\/p>\n<p>\u2013 Jag visste att hon blev gravid samtidigt som jag blev gravid med Celin. Jag s\u00e5g det som ett tecken och jag t\u00e4nkte \u201dom hon lyckades kan jag ocks\u00e5\u201d och s\u00e5 orkade jag forts\u00e4tta.<\/p>\n<p>Dagen d\u00e5 dottern dog<\/p>\n<p>I slutet av sommaren kom n\u00e4sta tecken. Hon plussade den 23 augusti, samma dag som dottern Celin dog i magen. Efter alla f\u00f6rs\u00f6k hade hon inte kostat p\u00e5 sig det dyrare graviditetstestet, d\u00e4r ordet \u201dgravid\u201d syns tydligt. Ist\u00e4llet s\u00e5g hon bara ett plustecken.<\/p>\n<p>\u2013 Jag fick visa det f\u00f6r s\u00e5 m\u00e5nga av mina v\u00e4nner, jag kunde inte f\u00f6rst\u00e5.<\/p>\n<p>Petra Mede hade l\u00e4st Sanams bok under v\u00e5ren och blivit starkt ber\u00f6rd. Hennes bidrag till f\u00f6reningen s\u00e5dde ett fr\u00f6 hos Sanam. Skulle den hyllade programledaren kunna t\u00e4nka sig att bidra p\u00e5 ett annat s\u00e4tt?<\/p>\n<p>\u2013 Jag blev chockad och mycket glad n\u00e4r jag fick Sanams mejlmeddelande. Men v\u00e5rt f\u00f6rsta samtal var sv\u00e5rt inledningsvis. Jag kunde inte s\u00e4ga ett ord utan att b\u00f6rja gr\u00e5ta. Det k\u00e4ndes pinsamt inf\u00f6r Sanam som var s\u00e5 lugn, samlad och stoisk, s\u00e4ger Petra Mede.<\/p>\n<p><img loading=\"lazy\"   alt=\"\"\/><\/p>\n<p>Att bli ensamst\u00e5ende mamma kommer inte f\u00e5 Sanam att sakta ner kampen f\u00f6r barns r\u00e4ttigheter. Hon har ett stort n\u00e4tverk omkring sig. \u201dBarnet \u00e4r efterl\u00e4ngtat av m\u00e5nga.\u201d<\/p>\n<p>Foto: SVEN LINDWALL<\/p>\n<p>\u00d6ppna bild i helsk\u00e4rmEn gala till Tintins minne<\/p>\n<p>Kontakten slutade med att Petra Mede kommer att leda Tintingalan i <a href=\"https:\/\/www.expressen.se\/tagg\/location\/lulea\/\" class=\"\" rel=\"nofollow noopener\" target=\"_blank\">Lule\u00e5<\/a> den 8 januari. Det \u00e4r samma datum som Tintin m\u00f6rdades. F\u00f6rra \u00e5ret h\u00f6lls den f\u00f6rsta galan, ett s\u00e4tt att f\u00f6rs\u00f6ka v\u00e4nda det allra m\u00f6rkaste till n\u00e5got ljust och fram\u00e5tblickande. Tintin \u00e4lskade schlager, teater, att upptr\u00e4da.\u00a0<\/p>\n<p>\u2013 Det \u00e4r Tintin som styr helt och h\u00e5llet. Det ska bli humor och Mellos\u00e5nger f\u00f6r hela slanten. Och alla ska vara med och sjunga och om m\u00f6jligt st\u00e5 p\u00e5 scenen ocks\u00e5, s\u00e4ger Petra Mede.<\/p>\n<p>En sak sl\u00e5r Sanam Gharaee fast \u2013 hon kommer inte att sluta k\u00e4mpa f\u00f6r barns r\u00e4ttigheter. Det finns mycket kvar att g\u00f6ra. Att hon blir ensamst\u00e5ende f\u00f6r\u00e4lder f\u00f6r\u00e4ndrar inget.\u00a0<\/p>\n<p>\u2013 Det kommer bara att st\u00e4rka mig. Det h\u00e4r barnet \u00e4r efterl\u00e4ngtat och redan \u00e4lskat av s\u00e5 m\u00e5nga, s\u00e4ger Sanam och f\u00f6rsvinner in p\u00e5 m\u00f6tet med de andra deltagarna.\u00a0<\/p>\n<p><img loading=\"lazy\"   alt=\"\"\/><\/p>\n<p>Sanam Gharaee och Expressens reporter Katrin Krantz.<\/p>\n<p>Foto: SVEN LINDWALL<\/p>\n<p>\u00d6ppna bild i helsk\u00e4rm<strong>L\u00c4S MER: <\/strong><a href=\"https:\/\/www.expressen.se\/nyheter\/sverige\/tintins-mamma-det-far-mig-att-overleva\/\" class=\"premium-link\" rel=\"nofollow noopener\" target=\"_blank\">Premium Tintins mamma: \u201dDet f\u00e5r mig att \u00f6verleva\u201d<\/a><\/p>\n","protected":false},"excerpt":{"rendered":"Publicerad 17 dec 2025 kl 10.16 Sonen Tintin m\u00f6rdades av sin pappa. Dottern Celin dog i hennes mage&hellip;\n","protected":false},"author":2,"featured_media":108764,"comment_status":"","ping_status":"","sticky":false,"template":"","format":"standard","meta":{"footnotes":""},"categories":[67],"tags":[104,1873,34,666,31,33,32,30,1942,436,105],"class_list":{"0":"post-108763","1":"post","2":"type-post","3":"status-publish","4":"format-standard","5":"has-post-thumbnail","7":"category-underhallning","8":"tag-entertainment","9":"tag-location-lulea","10":"tag-se","11":"tag-sections-krim","12":"tag-svenska","13":"tag-sverige","14":"tag-sweden","15":"tag-swedish","16":"tag-topic-lagar","17":"tag-topic-valdsbrott-mord","18":"tag-underhallning"},"share_on_mastodon":{"url":"https:\/\/pubeurope.com\/@se\/115734549851155633","error":""},"_links":{"self":[{"href":"https:\/\/www.europesays.com\/se\/wp-json\/wp\/v2\/posts\/108763","targetHints":{"allow":["GET"]}}],"collection":[{"href":"https:\/\/www.europesays.com\/se\/wp-json\/wp\/v2\/posts"}],"about":[{"href":"https:\/\/www.europesays.com\/se\/wp-json\/wp\/v2\/types\/post"}],"author":[{"embeddable":true,"href":"https:\/\/www.europesays.com\/se\/wp-json\/wp\/v2\/users\/2"}],"replies":[{"embeddable":true,"href":"https:\/\/www.europesays.com\/se\/wp-json\/wp\/v2\/comments?post=108763"}],"version-history":[{"count":0,"href":"https:\/\/www.europesays.com\/se\/wp-json\/wp\/v2\/posts\/108763\/revisions"}],"wp:featuredmedia":[{"embeddable":true,"href":"https:\/\/www.europesays.com\/se\/wp-json\/wp\/v2\/media\/108764"}],"wp:attachment":[{"href":"https:\/\/www.europesays.com\/se\/wp-json\/wp\/v2\/media?parent=108763"}],"wp:term":[{"taxonomy":"category","embeddable":true,"href":"https:\/\/www.europesays.com\/se\/wp-json\/wp\/v2\/categories?post=108763"},{"taxonomy":"post_tag","embeddable":true,"href":"https:\/\/www.europesays.com\/se\/wp-json\/wp\/v2\/tags?post=108763"}],"curies":[{"name":"wp","href":"https:\/\/api.w.org\/{rel}","templated":true}]}}