{"id":108789,"date":"2025-12-17T11:12:13","date_gmt":"2025-12-17T11:12:13","guid":{"rendered":"https:\/\/www.europesays.com\/se\/108789\/"},"modified":"2025-12-17T11:12:13","modified_gmt":"2025-12-17T11:12:13","slug":"norska-tix-klar-for-hamnplan-live-vastervik","status":"publish","type":"post","link":"https:\/\/www.europesays.com\/se\/108789\/","title":{"rendered":"Norska Tix klar f\u00f6r Hamnplan Live V\u00e4stervik"},"content":{"rendered":"<p>Under onsdagen presenterades den fj\u00e4rde artisten som \u00e4r klar f\u00f6r spelning p\u00e5 Hamnplan Live 2026. F\u00f6r f\u00f6rsta g\u00e5ngen kommer norska Tix till V\u00e4stervik, efter att ha varit en av de mest \u00f6nskade artisterna inf\u00f6r sommarens festival, enligt arrang\u00f6ren.Andreas Haugeland, som han egentligen heter, fick sitt genombrott n\u00e4r l\u00e5ten Sjeiken 2015 spelades i den norska ungdomsserien <\/p>\n","protected":false},"excerpt":{"rendered":"Under onsdagen presenterades den fj\u00e4rde artisten som \u00e4r klar f\u00f6r spelning p\u00e5 Hamnplan Live 2026. F\u00f6r f\u00f6rsta g\u00e5ngen&hellip;\n","protected":false},"author":2,"featured_media":108790,"comment_status":"","ping_status":"","sticky":false,"template":"","format":"standard","meta":{"footnotes":""},"categories":[67],"tags":[104,34,31,33,32,30,105],"class_list":{"0":"post-108789","1":"post","2":"type-post","3":"status-publish","4":"format-standard","5":"has-post-thumbnail","7":"category-underhallning","8":"tag-entertainment","9":"tag-se","10":"tag-svenska","11":"tag-sverige","12":"tag-sweden","13":"tag-swedish","14":"tag-underhallning"},"share_on_mastodon":{"url":"https:\/\/pubeurope.com\/@se\/115734612732095749","error":""},"_links":{"self":[{"href":"https:\/\/www.europesays.com\/se\/wp-json\/wp\/v2\/posts\/108789","targetHints":{"allow":["GET"]}}],"collection":[{"href":"https:\/\/www.europesays.com\/se\/wp-json\/wp\/v2\/posts"}],"about":[{"href":"https:\/\/www.europesays.com\/se\/wp-json\/wp\/v2\/types\/post"}],"author":[{"embeddable":true,"href":"https:\/\/www.europesays.com\/se\/wp-json\/wp\/v2\/users\/2"}],"replies":[{"embeddable":true,"href":"https:\/\/www.europesays.com\/se\/wp-json\/wp\/v2\/comments?post=108789"}],"version-history":[{"count":0,"href":"https:\/\/www.europesays.com\/se\/wp-json\/wp\/v2\/posts\/108789\/revisions"}],"wp:featuredmedia":[{"embeddable":true,"href":"https:\/\/www.europesays.com\/se\/wp-json\/wp\/v2\/media\/108790"}],"wp:attachment":[{"href":"https:\/\/www.europesays.com\/se\/wp-json\/wp\/v2\/media?parent=108789"}],"wp:term":[{"taxonomy":"category","embeddable":true,"href":"https:\/\/www.europesays.com\/se\/wp-json\/wp\/v2\/categories?post=108789"},{"taxonomy":"post_tag","embeddable":true,"href":"https:\/\/www.europesays.com\/se\/wp-json\/wp\/v2\/tags?post=108789"}],"curies":[{"name":"wp","href":"https:\/\/api.w.org\/{rel}","templated":true}]}}