{"id":108811,"date":"2025-12-17T11:27:11","date_gmt":"2025-12-17T11:27:11","guid":{"rendered":"https:\/\/www.europesays.com\/se\/108811\/"},"modified":"2025-12-17T11:27:11","modified_gmt":"2025-12-17T11:27:11","slug":"tv-kanaler-delar-pa-sveriges-mojliga-vm-matcher-2026","status":"publish","type":"post","link":"https:\/\/www.europesays.com\/se\/108811\/","title":{"rendered":"Tv-kanaler delar p\u00e5 Sveriges m\u00f6jliga VM-matcher 2026"},"content":{"rendered":"<p>Tv-tabl\u00e5n f\u00f6r n\u00e4sta \u00e5rs fotbolls-VM b\u00f6rjar utkristallisera sig. Majoriteten av gruppspelsmatcherna s\u00e4nds av TV4, inklusive \u00f6ppningsmatchen mellan Mexiko och Sydafrika den 11 juni. <\/p>\n<p>Sveriges eventuella matcher f\u00f6rdelas mellan TV4 och SVT. Om bl\u00e5gult g\u00e5r vidare fr\u00e5n playoffen kommer man att m\u00f6ta Tunisien den 15 juni och avsluta gruppspelet mot Japan den 26 juni. Dessa tv\u00e5 matcher kommer i s\u00e5 fall s\u00e4ndas av SVT, medan TV4 d\u00e4remellan f\u00e5r s\u00e4nda ut drabbningen mot Nederl\u00e4nderna p\u00e5 midsommardagen. <\/p>\n<p>\u2013 Det kommer att bli en magisk fotbollssommar 2026, s\u00e4ger TV4:s sportdirekt\u00f6r Johan Cederqvist i ett pressmeddelande. <\/p>\n<p>Omni \u00e4r politiskt obundna och oberoende. Vi str\u00e4var efter att ge fler perspektiv p\u00e5 nyheterna. Har du fr\u00e5gor eller synpunkter kring v\u00e5r rapportering? <a href=\"https:\/\/omni.se\/tv-kanaler-delar-pa-sveriges-mojliga-vm-matcher-2026\/a\/mailto:redaktion@omni.se\" class=\"ArticleActions_contactLink__W2F1M\" rel=\"nofollow noopener\" target=\"_blank\">Kontakta redaktionen<\/a><\/p>\n","protected":false},"excerpt":{"rendered":"Tv-tabl\u00e5n f\u00f6r n\u00e4sta \u00e5rs fotbolls-VM b\u00f6rjar utkristallisera sig. Majoriteten av gruppspelsmatcherna s\u00e4nds av TV4, inklusive \u00f6ppningsmatchen mellan Mexiko&hellip;\n","protected":false},"author":2,"featured_media":108812,"comment_status":"","ping_status":"","sticky":false,"template":"","format":"standard","meta":{"footnotes":""},"categories":[68],"tags":[138,1196,34,111,110,31,33,586,32,30,4189],"class_list":{"0":"post-108811","1":"post","2":"type-post","3":"status-publish","4":"format-standard","5":"has-post-thumbnail","7":"category-sport","8":"tag-fotboll","9":"tag-herrlandslaget-i-fotboll","10":"tag-se","11":"tag-sport","12":"tag-sports","13":"tag-svenska","14":"tag-sverige","15":"tag-svt","16":"tag-sweden","17":"tag-swedish","18":"tag-tv4"},"share_on_mastodon":{"url":"https:\/\/pubeurope.com\/@se\/115734671841983068","error":""},"_links":{"self":[{"href":"https:\/\/www.europesays.com\/se\/wp-json\/wp\/v2\/posts\/108811","targetHints":{"allow":["GET"]}}],"collection":[{"href":"https:\/\/www.europesays.com\/se\/wp-json\/wp\/v2\/posts"}],"about":[{"href":"https:\/\/www.europesays.com\/se\/wp-json\/wp\/v2\/types\/post"}],"author":[{"embeddable":true,"href":"https:\/\/www.europesays.com\/se\/wp-json\/wp\/v2\/users\/2"}],"replies":[{"embeddable":true,"href":"https:\/\/www.europesays.com\/se\/wp-json\/wp\/v2\/comments?post=108811"}],"version-history":[{"count":0,"href":"https:\/\/www.europesays.com\/se\/wp-json\/wp\/v2\/posts\/108811\/revisions"}],"wp:featuredmedia":[{"embeddable":true,"href":"https:\/\/www.europesays.com\/se\/wp-json\/wp\/v2\/media\/108812"}],"wp:attachment":[{"href":"https:\/\/www.europesays.com\/se\/wp-json\/wp\/v2\/media?parent=108811"}],"wp:term":[{"taxonomy":"category","embeddable":true,"href":"https:\/\/www.europesays.com\/se\/wp-json\/wp\/v2\/categories?post=108811"},{"taxonomy":"post_tag","embeddable":true,"href":"https:\/\/www.europesays.com\/se\/wp-json\/wp\/v2\/tags?post=108811"}],"curies":[{"name":"wp","href":"https:\/\/api.w.org\/{rel}","templated":true}]}}