{"id":108813,"date":"2025-12-17T11:28:09","date_gmt":"2025-12-17T11:28:09","guid":{"rendered":"https:\/\/www.europesays.com\/se\/108813\/"},"modified":"2025-12-17T11:28:09","modified_gmt":"2025-12-17T11:28:09","slug":"hastonsdag-forsvinner-fran-tv4-efter-130-avsnitt","status":"publish","type":"post","link":"https:\/\/www.europesays.com\/se\/108813\/","title":{"rendered":"\u201dH\u00e4stonsdag\u201d f\u00f6rsvinner fr\u00e5n TV4 efter 130 avsnitt"},"content":{"rendered":"<p>\u201dH\u00e4stonsdag\u201d f\u00f6rsvinner ur rutan \u2022 Skoglund: \u201dHimla tacksam\u201d<a data-test-tag=\"internal-link\" href=\"https:\/\/www.aftonbladet.se\/av\/daniel-soderback\" class=\"hyperion-css-13ns1rr\" rel=\"nofollow noopener\" target=\"\" aria-label=\"Se alla artiklar av Daniel S\u00f6derb\u00e4ck\"><img decoding=\"async\" class=\"image-asset hyperion-css-n6kkq1\" data-test-tag=\"image-asset\" src=\"https:\/\/www.europesays.com\/se\/wp-content\/uploads\/2025\/12\/1765970888_916_8beae7be-3be2-45da-b868-a42c79c28435\"  alt=\"\"  loading=\"lazy\" fetchpriority=\"auto\" style=\"aspect-ratio:1900 \/ 1900\"\/><\/a><\/p>\n<p class=\"boxtextgrotesk-root_baa6 hyperion-css-1w346fg\">Uppdaterad 12.18 | Publicerad 12.11<\/p>\n<p>share-arrowDela<\/p>\n<p>unsaveSpara<\/p>\n<p>expand-left<\/p>\n<p>helsk\u00e4rm<img decoding=\"async\" class=\"image-asset hyperion-css-u06ts1\" data-test-tag=\"image-asset\" src=\"https:\/\/www.europesays.com\/se\/wp-content\/uploads\/2025\/12\/30f82aee-7f04-4af9-9820-57d02a2a2085\"  alt=\"Per Skoglund i \u201dNyhetsmorgon\u201d.\"  loading=\"eager\" fetchpriority=\"high\" style=\"aspect-ratio:1200 \/ 600\"\/>Per Skoglund i \u201dNyhetsmorgon\u201d. Foto: TV4<\/p>\n<p class=\"hyperion-css-1shl3oz\" data-test-tag=\"lead-text\">Tv-profilen Per Skoglund har guidat tittarna i \u201dH\u00e4stonsdag\u201d i tre \u00e5rs tid.<\/p>\n<p class=\"hyperion-css-1shl3oz\" data-test-tag=\"lead-text\">Nu l\u00e4ggs formatet ner i TV4 \u2013 efter 130 avsnitt.<\/p>\n<p class=\"hyperion-css-1shl3oz\" data-test-tag=\"lead-text\">\u2013 Herregud vad vi har hunnit med, s\u00e4ger Per Skoglund i \u201dNyhetsmorgon\u201d.<\/p>\n<p class=\"hyperion-css-1v9qo5x\">Varje onsdag har trav-tv-profilen Per Skoglund, 44, guidat \u201dNyhetsmorgons\u201d tittare i TV4 inom travsportens v\u00e4rld i segmentet \u201dH\u00e4stonsdag\u201d.<\/p>\n<p class=\"hyperion-css-1v9qo5x\">D\u00e4r har alla fr\u00e5gor om travh\u00e4star tagits upp \u2013 f\u00f6r dom oinvigda.<\/p>\n<p>\u201dTackar s\u00e5 mycket\u201d<\/p>\n<p class=\"hyperion-css-1v9qo5x\">Nu f\u00f6rsvinner \u201dH\u00e4stonsdag\u201d fr\u00e5n TV4 efter 130 avsnitt.<\/p>\n<p class=\"hyperion-css-1v9qo5x\">\u2013 Det \u00e4r helt makal\u00f6st alla h\u00e4star jag tr\u00e4ffat och h\u00e4star som jag haft i studion. Jag \u00e4r s\u00e5 himla tacksam \u00f6ver att jag f\u00e5tt g\u00f6ra det h\u00e4r i tre \u00e5r, s\u00e4ger Per Skoglund i \u201dNyhetsmorgon\u201d.<\/p>\n<p class=\"hyperion-css-1v9qo5x\">I samband med beskedet att programmet l\u00e4ggs ner bj\u00f6ds tittarna under onsdagen p\u00e5 en minneskavalkad och h\u00f6ga skratt fr\u00e5n Per Skoglund.<\/p>\n<p class=\"hyperion-css-1v9qo5x\">\u2013 H\u00e4stonsdag tackar s\u00e5 hemskt mycket, s\u00e4ger han.<\/p>\n","protected":false},"excerpt":{"rendered":"\u201dH\u00e4stonsdag\u201d f\u00f6rsvinner ur rutan \u2022 Skoglund: \u201dHimla tacksam\u201d Uppdaterad 12.18 | Publicerad 12.11 share-arrowDela unsaveSpara expand-left helsk\u00e4rmPer Skoglund&hellip;\n","protected":false},"author":2,"featured_media":108814,"comment_status":"","ping_status":"","sticky":false,"template":"","format":"standard","meta":{"footnotes":""},"categories":[67],"tags":[104,34,31,33,32,30,105],"class_list":{"0":"post-108813","1":"post","2":"type-post","3":"status-publish","4":"format-standard","5":"has-post-thumbnail","7":"category-underhallning","8":"tag-entertainment","9":"tag-se","10":"tag-svenska","11":"tag-sverige","12":"tag-sweden","13":"tag-swedish","14":"tag-underhallning"},"share_on_mastodon":{"url":"https:\/\/pubeurope.com\/@se\/115734675976285423","error":""},"_links":{"self":[{"href":"https:\/\/www.europesays.com\/se\/wp-json\/wp\/v2\/posts\/108813","targetHints":{"allow":["GET"]}}],"collection":[{"href":"https:\/\/www.europesays.com\/se\/wp-json\/wp\/v2\/posts"}],"about":[{"href":"https:\/\/www.europesays.com\/se\/wp-json\/wp\/v2\/types\/post"}],"author":[{"embeddable":true,"href":"https:\/\/www.europesays.com\/se\/wp-json\/wp\/v2\/users\/2"}],"replies":[{"embeddable":true,"href":"https:\/\/www.europesays.com\/se\/wp-json\/wp\/v2\/comments?post=108813"}],"version-history":[{"count":0,"href":"https:\/\/www.europesays.com\/se\/wp-json\/wp\/v2\/posts\/108813\/revisions"}],"wp:featuredmedia":[{"embeddable":true,"href":"https:\/\/www.europesays.com\/se\/wp-json\/wp\/v2\/media\/108814"}],"wp:attachment":[{"href":"https:\/\/www.europesays.com\/se\/wp-json\/wp\/v2\/media?parent=108813"}],"wp:term":[{"taxonomy":"category","embeddable":true,"href":"https:\/\/www.europesays.com\/se\/wp-json\/wp\/v2\/categories?post=108813"},{"taxonomy":"post_tag","embeddable":true,"href":"https:\/\/www.europesays.com\/se\/wp-json\/wp\/v2\/tags?post=108813"}],"curies":[{"name":"wp","href":"https:\/\/api.w.org\/{rel}","templated":true}]}}