{"id":108819,"date":"2025-12-17T11:36:13","date_gmt":"2025-12-17T11:36:13","guid":{"rendered":"https:\/\/www.europesays.com\/se\/108819\/"},"modified":"2025-12-17T11:36:13","modified_gmt":"2025-12-17T11:36:13","slug":"moa-ilars-jakt-med-karleken-vi-letar-for-fullt-langdskidor","status":"publish","type":"post","link":"https:\/\/www.europesays.com\/se\/108819\/","title":{"rendered":"Moa Ilars jakt med k\u00e4rleken: \u201dVi letar f\u00f6r fullt\u201d | L\u00e4ngdskidor"},"content":{"rendered":"<p>Publicerad 17 dec 2025 kl 07.48Uppdaterad kl 08.39<\/p>\n<p>Moa Ilar har f\u00e5tt en succ\u00e9start p\u00e5 s\u00e4songen \u2013 och d\u00e4rmed hamnat mitt i ett rej\u00e4lt pengaregn.<\/p>\n<p>Och nu \u00e4r jakten p\u00e5 ett dr\u00f6mhus i g\u00e5ng.<\/p>\n<p>\u2013 Vi letar f\u00f6r fullt, s\u00e4ger Moa Ilar i <a href=\"https:\/\/open.spotify.com\/show\/5bgeBGqvAQ253FQBqXsaQm?si=472d4f9049844867\" rel=\"nofollow noopener\" target=\"_blank\">Expressens podd Vallaboden.<\/a>\u00a0<\/p>\n<p><img loading=\"lazy\"   alt=\"\"\/><\/p>\n<p>Moa Ilar.<\/p>\n<p>Foto: ULF PALM\/TT \/ TT NYHETSBYR\u00c5N<\/p>\n<p>\u00d6ppna bild i helsk\u00e4rm<img loading=\"lazy\"   alt=\"\"\/><\/p>\n<p>Moa Ilar med mannen Fredrik.<\/p>\n<p>Foto: Instagram<\/p>\n<p>\u00d6ppna bild i helsk\u00e4rm<img alt=\"\"\/>Ljudklippet gick inte att spela upp<\/p>\n<p>F\u00f6rs\u00f6k igen senare<\/p>\n<p>F\u00f6rra helgens t\u00e4vlingar i Davos innebar slutet p\u00e5 den f\u00f6rsta perioden av s\u00e4songens v\u00e4rldscup i l\u00e4ngd\u00e5kning.<\/p>\n<p>Och tittar man p\u00e5 totalst\u00e4llningen i v\u00e4rldscupen s\u00e5 finns det ett svenskt namn som sticker ut:<\/p>\n<p><a href=\"https:\/\/www.expressen.se\/tagg\/person\/moa-ilar\/\" class=\"\" rel=\"nofollow noopener\" target=\"_blank\">Moa Ilar<\/a>.<\/p>\n<p>28-\u00e5ringen ligger just nu p\u00e5 en l\u00e4tt sensationell andraplats i v\u00e4rldscupen, bara 14 po\u00e4ng efter amerikanskan Jessie Diggins.<\/p>\n<p>\u2013 Det som k\u00e4nns absolut sk\u00f6nast \u00e4r att det k\u00e4nns som att jag \u00e4r s\u00e5 stabil. Utan att ha gjort n\u00e5gra extremt bra lopp har jag \u00e4nd\u00e5 n\u00e5tt pallen, s\u00e4ger Moa Ilar n\u00e4r hon g\u00e4star <a href=\"https:\/\/open.spotify.com\/show\/5bgeBGqvAQ253FQBqXsaQm?si=472d4f9049844867\" rel=\"nofollow noopener\" target=\"_blank\">Expressens skidpodd Vallaboden.<\/a><\/p>\n<p>En halv miljon \u2013 p\u00e5 tv\u00e5 veckor<\/p>\n<p>Framg\u00e5ngarna i sp\u00e5ren ger ocks\u00e5 klirr i kassan. P\u00e5 bara 17 dagar har Moa Ilar \u00e5kt in 463 000 kronor i prispengar fr\u00e5n Internationella skidf\u00f6rbundet (Fis).<\/p>\n<p>Till det kan l\u00e4ggas n\u00e4ra 100 000 kronor i bonus fr\u00e5n Svenska skidf\u00f6rbundet.<\/p>\n<p>Tidigare i karri\u00e4ren har Ilar som b\u00e4st under en hel s\u00e4song bel\u00f6nats med 420 000 i prispengar fr\u00e5n Fis.<\/p>\n<p>\u2013 Ja, det \u00e4r en otroligt bra start p\u00e5 s\u00e4songen f\u00f6r mig \u2013 inte bara pengam\u00e4ssigt utan \u00e4ven sportsligt. Det \u00e4r den absolut b\u00e4sta hittills.<\/p>\n<p>Och p\u00e5 sikt har Moa Ilar redan klart f\u00f6r sig vad pengarna ska anv\u00e4ndas till: ett hus i trakterna kring Dala-J\u00e4rna tillsammans med mannen Fredrik.<\/p>\n<p>\u2013 Ja, det st\u00e4mmer, vi letar f\u00f6r fullt. Och jag f\u00e5r titt som t\u00e4tt tips fr\u00e5n n\u00e5n som ska s\u00e4lja sitt hus eller som sett att n\u00e5got ligger ute.<\/p>\n<p>Udda kravet: En lada<\/p>\n<p>Just nu bor paret Ilar i \u00d6stersund men dr\u00f6mmer om att v\u00e4nda hem till Dalarna.<\/p>\n<p>\u2013 Det k\u00e4nns som att det \u00e4r m\u00e5nga som f\u00f6rs\u00f6ker f\u00e5 oss att flytta hem i alla fall, s\u00e4ger Moa Ilar och skrattar.<\/p>\n<p><strong>Vad \u00e4r det du och Fredrik letar efter mer exakt?<\/strong><\/p>\n<p>\u2013 Jag \u00e4r ju ocks\u00e5 ganska kr\u00e4sen. Det \u00e4r vissa saker jag vill ha.<\/p>\n<p><strong>Okej. Hur ser kravlistan ut?<\/strong><\/p>\n<p>\u2013 Det ska ligga i centrala Dala-J\u00e4rna. Det ska ha ett stort k\u00f6k. Och en lada.<\/p>\n<p><strong>En lada? Varf\u00f6r det?<\/strong><\/p>\n<p>\u2013 Jag vet inte riktigt, jag har v\u00e4l kanske n\u00e5gon romantisk bild av att ha en lada p\u00e5 n\u00e5got vis.\u00a0<\/p>\n<p><strong>Med djur ocks\u00e5?<\/strong><\/p>\n<p>\u2013 Nej, nej. T\u00e4nk mer som en loge. Som en festlokal. Och att man kanske ocks\u00e5 kan ha ett gym i den.\u00a0<\/p>\n<p>N\u00e4rmast v\u00e4ntar nu Tour de ski f\u00f6r Moa Ilar med start den 28 december i italienska Toblach.<\/p>\n","protected":false},"excerpt":{"rendered":"Publicerad 17 dec 2025 kl 07.48Uppdaterad kl 08.39 Moa Ilar har f\u00e5tt en succ\u00e9start p\u00e5 s\u00e4songen \u2013 och&hellip;\n","protected":false},"author":2,"featured_media":108820,"comment_status":"","ping_status":"","sticky":false,"template":"","format":"standard","meta":{"footnotes":""},"categories":[68],"tags":[9502,34,857,111,110,31,33,32,30],"class_list":{"0":"post-108819","1":"post","2":"type-post","3":"status-publish","4":"format-standard","5":"has-post-thumbnail","7":"category-sport","8":"tag-person-moa-ilar","9":"tag-se","10":"tag-sections-langdskidor","11":"tag-sport","12":"tag-sports","13":"tag-svenska","14":"tag-sverige","15":"tag-sweden","16":"tag-swedish"},"share_on_mastodon":{"url":"https:\/\/pubeurope.com\/@se\/115734707146230160","error":""},"_links":{"self":[{"href":"https:\/\/www.europesays.com\/se\/wp-json\/wp\/v2\/posts\/108819","targetHints":{"allow":["GET"]}}],"collection":[{"href":"https:\/\/www.europesays.com\/se\/wp-json\/wp\/v2\/posts"}],"about":[{"href":"https:\/\/www.europesays.com\/se\/wp-json\/wp\/v2\/types\/post"}],"author":[{"embeddable":true,"href":"https:\/\/www.europesays.com\/se\/wp-json\/wp\/v2\/users\/2"}],"replies":[{"embeddable":true,"href":"https:\/\/www.europesays.com\/se\/wp-json\/wp\/v2\/comments?post=108819"}],"version-history":[{"count":0,"href":"https:\/\/www.europesays.com\/se\/wp-json\/wp\/v2\/posts\/108819\/revisions"}],"wp:featuredmedia":[{"embeddable":true,"href":"https:\/\/www.europesays.com\/se\/wp-json\/wp\/v2\/media\/108820"}],"wp:attachment":[{"href":"https:\/\/www.europesays.com\/se\/wp-json\/wp\/v2\/media?parent=108819"}],"wp:term":[{"taxonomy":"category","embeddable":true,"href":"https:\/\/www.europesays.com\/se\/wp-json\/wp\/v2\/categories?post=108819"},{"taxonomy":"post_tag","embeddable":true,"href":"https:\/\/www.europesays.com\/se\/wp-json\/wp\/v2\/tags?post=108819"}],"curies":[{"name":"wp","href":"https:\/\/api.w.org\/{rel}","templated":true}]}}