{"id":108821,"date":"2025-12-17T11:37:31","date_gmt":"2025-12-17T11:37:31","guid":{"rendered":"https:\/\/www.europesays.com\/se\/108821\/"},"modified":"2025-12-17T11:37:31","modified_gmt":"2025-12-17T11:37:31","slug":"tv-profilen-fran-linkoping-gastar-joakim-lundells-spokjakt","status":"publish","type":"post","link":"https:\/\/www.europesays.com\/se\/108821\/","title":{"rendered":"Tv-profilen fr\u00e5n Link\u00f6ping g\u00e4star Joakim Lundells &#8221;Sp\u00f6kjakt&#8221;"},"content":{"rendered":"<p>I den kommande s\u00e4songen av det flerfaldigt Kristallen-prisade programmet, som leds av makarna Joakim och Jonna Lundell, blir deltagarna under tolv dagar inl\u00e5sta i ett slott i Skottland.\u201dDet h\u00e4r \u00e4r den mest intensiva s\u00e4songen vi n\u00e5gonsin gjort\u201d, s\u00e4ger Joakim Lundell i ett pressmeddelande.Bland deltagarna i programmet, som s\u00e4nds i v\u00e5r, finns tv-profilen Samir Badran fr\u00e5<\/p>\n","protected":false},"excerpt":{"rendered":"I den kommande s\u00e4songen av det flerfaldigt Kristallen-prisade programmet, som leds av makarna Joakim och Jonna Lundell, blir&hellip;\n","protected":false},"author":2,"featured_media":108822,"comment_status":"","ping_status":"","sticky":false,"template":"","format":"standard","meta":{"footnotes":""},"categories":[67],"tags":[104,34,31,33,32,30,105],"class_list":{"0":"post-108821","1":"post","2":"type-post","3":"status-publish","4":"format-standard","5":"has-post-thumbnail","7":"category-underhallning","8":"tag-entertainment","9":"tag-se","10":"tag-svenska","11":"tag-sverige","12":"tag-sweden","13":"tag-swedish","14":"tag-underhallning"},"share_on_mastodon":{"url":"https:\/\/pubeurope.com\/@se\/115734711021330229","error":""},"_links":{"self":[{"href":"https:\/\/www.europesays.com\/se\/wp-json\/wp\/v2\/posts\/108821","targetHints":{"allow":["GET"]}}],"collection":[{"href":"https:\/\/www.europesays.com\/se\/wp-json\/wp\/v2\/posts"}],"about":[{"href":"https:\/\/www.europesays.com\/se\/wp-json\/wp\/v2\/types\/post"}],"author":[{"embeddable":true,"href":"https:\/\/www.europesays.com\/se\/wp-json\/wp\/v2\/users\/2"}],"replies":[{"embeddable":true,"href":"https:\/\/www.europesays.com\/se\/wp-json\/wp\/v2\/comments?post=108821"}],"version-history":[{"count":0,"href":"https:\/\/www.europesays.com\/se\/wp-json\/wp\/v2\/posts\/108821\/revisions"}],"wp:featuredmedia":[{"embeddable":true,"href":"https:\/\/www.europesays.com\/se\/wp-json\/wp\/v2\/media\/108822"}],"wp:attachment":[{"href":"https:\/\/www.europesays.com\/se\/wp-json\/wp\/v2\/media?parent=108821"}],"wp:term":[{"taxonomy":"category","embeddable":true,"href":"https:\/\/www.europesays.com\/se\/wp-json\/wp\/v2\/categories?post=108821"},{"taxonomy":"post_tag","embeddable":true,"href":"https:\/\/www.europesays.com\/se\/wp-json\/wp\/v2\/tags?post=108821"}],"curies":[{"name":"wp","href":"https:\/\/api.w.org\/{rel}","templated":true}]}}