{"id":108827,"date":"2025-12-17T11:42:21","date_gmt":"2025-12-17T11:42:21","guid":{"rendered":"https:\/\/www.europesays.com\/se\/108827\/"},"modified":"2025-12-17T11:42:21","modified_gmt":"2025-12-17T11:42:21","slug":"sd-rusar-i-opinionen-och-tar-valjare-fran-s","status":"publish","type":"post","link":"https:\/\/www.europesays.com\/se\/108827\/","title":{"rendered":"SD rusar i opinionen och tar v\u00e4ljare fr\u00e5n S"},"content":{"rendered":"<p>Socialdemokraterna tappar v\u00e4ljare till Sverigedemokraterna och gapet mellan blocken krymper allt mer. Det visar G\u00f6teborgs-Postens senaste Novus-m\u00e4tning. <\/p>\n<p>Oppositionens tidigare bekv\u00e4ma ledning har minskat till endast 2,7 procentenheter. En anledning \u00e4r att SD stiger med 2,7 procent n\u00e4r de plockar S-v\u00e4ljare. S sjunker dock inte mer \u00e4n 0,2 procent eftersom de tar v\u00e4ljare fr\u00e5n sitt eget block. <\/p>\n<p>Jonas Hinnfors, professor i statsvetenskap vid G\u00f6teborgs universitet, vill inte analysera v\u00e4ljarfl\u00f6den f\u00f6r noga men sl\u00e5r fast att SD st\u00e4rker sin maktposition \u00f6ver Moderaterna.<\/p>\n<p>\u2013 Sverigedemokraterna har ett bra utg\u00e5ngsl\u00e4ge till valet och de som har anledning till oro \u00e4r Moderaterna, som har sv\u00e5rt att etablera sig som det stora partiet inom Tid\u00f6gruppen, s\u00e4ger han till tidningen. <\/p>\n<p>Omni \u00e4r politiskt obundna och oberoende. Vi str\u00e4var efter att ge fler perspektiv p\u00e5 nyheterna. Har du fr\u00e5gor eller synpunkter kring v\u00e5r rapportering? <a href=\"https:\/\/omni.se\/sd-rusar-i-opinionen-och-tar-valjare-fran-s\/a\/mailto:redaktion@omni.se\" class=\"ArticleActions_contactLink__W2F1M\" rel=\"nofollow noopener\" target=\"_blank\">Kontakta redaktionen<\/a><\/p>\n","protected":false},"excerpt":{"rendered":"Socialdemokraterna tappar v\u00e4ljare till Sverigedemokraterna och gapet mellan blocken krymper allt mer. Det visar G\u00f6teborgs-Postens senaste Novus-m\u00e4tning. Oppositionens&hellip;\n","protected":false},"author":2,"featured_media":108828,"comment_status":"","ping_status":"","sticky":false,"template":"","format":"standard","meta":{"footnotes":""},"categories":[5],"tags":[22,23,1983,26,27,17,21,1562,3352,24,25,639,28,29,551,15,4154,16,12089,1982,369,18,34,1557,31,33,617,32,30,19,20,3416,1406],"class_list":{"0":"post-108827","1":"post","2":"type-post","3":"status-publish","4":"format-standard","5":"has-post-thumbnail","7":"category-rubriker","8":"tag-breaking-news","9":"tag-breakingnews","10":"tag-centerpartiet","11":"tag-featured-news","12":"tag-featurednews","13":"tag-headlines","14":"tag-huvudnyheter","15":"tag-jimmie-akesson","16":"tag-jonas-hinnfors","17":"tag-latest-news","18":"tag-latestnews","19":"tag-liberalerna","20":"tag-main-news","21":"tag-mainnews","22":"tag-moderaterna","23":"tag-news","24":"tag-novus","25":"tag-nyheter","26":"tag-opinionslaget","27":"tag-opinionsundersokningar","28":"tag-politik","29":"tag-rubriker","30":"tag-se","31":"tag-socialdemokraterna","32":"tag-svenska","33":"tag-sverige","34":"tag-sverigedemokraterna","35":"tag-sweden","36":"tag-swedish","37":"tag-top-stories","38":"tag-topstories","39":"tag-valet-2026","40":"tag-vansterpartiet"},"share_on_mastodon":{"url":"https:\/\/pubeurope.com\/@se\/115734730706562586","error":""},"_links":{"self":[{"href":"https:\/\/www.europesays.com\/se\/wp-json\/wp\/v2\/posts\/108827","targetHints":{"allow":["GET"]}}],"collection":[{"href":"https:\/\/www.europesays.com\/se\/wp-json\/wp\/v2\/posts"}],"about":[{"href":"https:\/\/www.europesays.com\/se\/wp-json\/wp\/v2\/types\/post"}],"author":[{"embeddable":true,"href":"https:\/\/www.europesays.com\/se\/wp-json\/wp\/v2\/users\/2"}],"replies":[{"embeddable":true,"href":"https:\/\/www.europesays.com\/se\/wp-json\/wp\/v2\/comments?post=108827"}],"version-history":[{"count":0,"href":"https:\/\/www.europesays.com\/se\/wp-json\/wp\/v2\/posts\/108827\/revisions"}],"wp:featuredmedia":[{"embeddable":true,"href":"https:\/\/www.europesays.com\/se\/wp-json\/wp\/v2\/media\/108828"}],"wp:attachment":[{"href":"https:\/\/www.europesays.com\/se\/wp-json\/wp\/v2\/media?parent=108827"}],"wp:term":[{"taxonomy":"category","embeddable":true,"href":"https:\/\/www.europesays.com\/se\/wp-json\/wp\/v2\/categories?post=108827"},{"taxonomy":"post_tag","embeddable":true,"href":"https:\/\/www.europesays.com\/se\/wp-json\/wp\/v2\/tags?post=108827"}],"curies":[{"name":"wp","href":"https:\/\/api.w.org\/{rel}","templated":true}]}}