{"id":108831,"date":"2025-12-17T11:46:20","date_gmt":"2025-12-17T11:46:20","guid":{"rendered":"https:\/\/www.europesays.com\/se\/108831\/"},"modified":"2025-12-17T11:46:20","modified_gmt":"2025-12-17T11:46:20","slug":"prinsessan-estelle-stil-har-hittar-du-hennes-klader","status":"publish","type":"post","link":"https:\/\/www.europesays.com\/se\/108831\/","title":{"rendered":"Prinsessan Estelle stil \u2013 h\u00e4r hittar du hennes kl\u00e4der"},"content":{"rendered":"<p>Publicerad 16 dec 2025 kl 16.34<\/p>\n<p>Prinsessan Estelle har blivit en stilf\u00f6rebild att r\u00e4kna med. Vi kollar in de senaste plaggen och tipsar om prinsesskl\u00e4derna som g\u00e5r att k\u00f6pa.<\/p>\n<p><img   alt=\"Inspireras av prinsessornas kl\u00e4dval.\"\/><\/p>\n<p>Inspireras av prinsessornas kl\u00e4dval. Foto: TT Nyhetsbyr\u00e5n, Pressbilder<\/p>\n<p>Dela artikel<\/p>\n<p>Kopiera l\u00e4nk<\/p>\n<p>L\u00e4nk kopierad<\/p>\n<p>Kronprinsessan <strong>Victoria<\/strong>, prinsessan <strong>Madeleine<\/strong> och prinsessan <strong>Sofia<\/strong> har l\u00e4nge inspirerat m\u00e5nga med sin kungliga stil men \u00e4ven prinsessan <strong>Estelle<\/strong> har visat sig kunna vara en stilf\u00f6rebild och engagera kungliga fans v\u00e4rlden \u00f6ver. Senast i veckan s\u00e5g vi henne p\u00e5 det \u00e5rliga julgranseventet p\u00e5 Kungliga slottet i ett set fr\u00e5n svenska m\u00e4rket Malina, som \u00e4ven mamma Victoria har flera plagg fr\u00e5n i sin garderob. Vi spanar in Estelles senaste plagg med hj\u00e4lp av den kungliga modesajten <a href=\"https:\/\/ufonomore.com\/\" data-click-url=\"https:\/\/ufonomore.com\/\" data-t-type=\"custom-active\" data-t-label=\"https:\/\/ufonomore.com\/\" rel=\"sponsored nofollow noopener\" data-t-category=\"outbound clicks\" class=\"js-ct\" target=\"_blank\">UFO No more<\/a> och ger tips p\u00e5 prinsesskl\u00e4derna som faktiskt g\u00e5r att k\u00f6pa.<\/p>\n<p><img loading=\"lazy\"   alt=\"Estelle med prinsessan Ines i famnen n\u00e4r \u00e5rets julgranar anl\u00e4nde till slottet.\"\/><\/p>\n<p>Estelle med prinsessan Ines i famnen n\u00e4r \u00e5rets julgranar anl\u00e4nde till slottet. Foto: Jonas Ekstr\u00f6mer\/TT<\/p>\n<p><img loading=\"lazy\"   alt=\"Estelle i set fr\u00e5n Malina.\"\/><\/p>\n<p>Estelle i set fr\u00e5n Malina. Foto: Jonas Ekstr\u00f6mer\/TT<\/p>\n<p>Kjol och topp, Malina<img loading=\"lazy\"   alt=\"\"\/><\/p>\n<p> Foto: Pressbilder<\/p>\n<p><strong>ANNONS: <\/strong><a href=\"https:\/\/c.klarna.com\/al\/HnIF\/\" data-click-url=\"https:\/\/c.klarna.com\/al\/HnIF\/\" data-t-type=\"custom-active\" data-t-label=\"https:\/\/c.klarna.com\/al\/HnIF\/\" rel=\"sponsored nofollow noopener\" data-t-category=\"outbound clicks\" class=\"js-ct\" target=\"_blank\"><strong>K\u00f6p h\u00e4r (l\u00e4nk till Malina)<\/strong><\/a><br \/><strong>ANNONS: <\/strong><a href=\"https:\/\/c.klarna.com\/al\/HnIH\/\" data-click-url=\"https:\/\/c.klarna.com\/al\/HnIH\/\" data-t-type=\"custom-active\" data-t-label=\"https:\/\/c.klarna.com\/al\/HnIH\/\" rel=\"sponsored nofollow noopener\" data-t-category=\"outbound clicks\" class=\"js-ct\" target=\"_blank\"><strong>K\u00f6p h\u00e4r (l\u00e4nk till Malina)<\/strong><\/a><\/p>\n<p>Hj\u00e4rthalsband, Edblad<img loading=\"lazy\"   alt=\"\"\/><\/p>\n<p> Foto: Pressbild<\/p>\n<p>Enkelt och fint halsband med hj\u00e4rta. <br \/><strong>ANNONS <\/strong><a href=\"https:\/\/c.klarna.com\/al\/HnYE\/\" data-click-url=\"https:\/\/c.klarna.com\/al\/HnYE\/\" data-t-type=\"custom-active\" data-t-label=\"https:\/\/c.klarna.com\/al\/HnYE\/\" rel=\"sponsored nofollow noopener\" data-t-category=\"outbound clicks\" class=\"js-ct\" target=\"_blank\"><strong>K\u00f6p h\u00e4r (l\u00e4nk till Edblad)<\/strong><\/a><\/p>\n<p>Rutig kl\u00e4nning, Polarn och pyret<img loading=\"lazy\"   alt=\"\"\/><\/p>\n<p> Foto: Pressbild<\/p>\n<p>Rutig julkl\u00e4nning med volang.<strong><br \/>ANNONS <\/strong><a href=\"https:\/\/adtr.co\/w4gk6t\" data-click-url=\"https:\/\/adtr.co\/w4gk6t\" data-t-type=\"custom-active\" data-t-label=\"https:\/\/adtr.co\/w4gk6t\" rel=\"sponsored nofollow noopener\" data-t-category=\"outbound clicks\" class=\"js-ct\" target=\"_blank\"><strong>K\u00f6p h\u00e4r (l\u00e4nk till Polarnopyret)\u00a0<\/strong><\/a><\/p>\n<p>Kl\u00e4nning, MQ Marqet<img loading=\"lazy\"   alt=\"I \u00e5rets upplaga av \u201d\u00c5ret med kungafamiljen\u201d p\u00e5 SVT kommer vi kunna se Estelle i denna r\u00f6da kl\u00e4nning.\"\/><\/p>\n<p>I \u00e5rets upplaga av \u201d\u00c5ret med kungafamiljen\u201d p\u00e5 SVT kommer vi kunna se Estelle i denna r\u00f6da kl\u00e4nning. Foto: Pressbild<\/p>\n<p>Stickad kl\u00e4nning fr\u00e5n varum\u00e4rket Stockh lm med l\u00e5nga \u00e4rmar, markerad midja och en A-linjeformad kjol.<br \/><strong>ANNONS: <\/strong><a href=\"https:\/\/adtr.co\/qb23a8\" data-click-url=\"https:\/\/adtr.co\/qb23a8\" data-t-type=\"custom-active\" data-t-label=\"https:\/\/adtr.co\/qb23a8\" rel=\"sponsored nofollow noopener\" data-t-category=\"outbound clicks\" class=\"js-ct\" target=\"_blank\"><strong>K\u00f6p h\u00e4r (l\u00e4nk till MQ)<\/strong><\/a><\/p>\n<p>Estelle och Victoria p\u00e5 Sollidens slott<img loading=\"lazy\"   alt=\"Estelle och Victoria under firandet av kronprinsessan p\u00e5 \u00d6land sommaren 2025.\"\/><\/p>\n<p>Estelle och Victoria under firandet av kronprinsessan p\u00e5 \u00d6land sommaren 2025. Foto: Karin T\u00f6rnblom\/TT<\/p>\n<p>Estelles kl\u00e4nning, Indiska<img loading=\"lazy\"   alt=\"\"\/><\/p>\n<p> Foto: Pressbild<\/p>\n<p>S\u00f6t, blommig bomullskl\u00e4nning med helt\u00e4ckande m\u00f6nster och vita dekorationsband. <strong><br \/><\/strong><a href=\"https:\/\/indiska.com\/se\/mode\/klanningar\/cathalina-dress-251-blue-bla-4210\" data-click-url=\"https:\/\/indiska.com\/se\/mode\/klanningar\/cathalina-dress-251-blue-bla-4210\" data-t-type=\"custom-active\" data-t-label=\"https:\/\/indiska.com\/se\/mode\/klanningar\/cathalina-dress-251-blue-bla-4210\" rel=\"sponsored nofollow noopener\" data-t-category=\"outbound clicks\" class=\"js-ct\" target=\"_blank\"><strong>S\u00e4ljs h\u00e4r (l\u00e4nk till Indiska)<\/strong><\/a><\/p>\n<p>Victorias kl\u00e4nning, Saloni<img loading=\"lazy\"   alt=\"\"\/><\/p>\n<p> Foto: Pressbild<\/p>\n<p>Victorias l\u00e5nga sidenkl\u00e4nning i pastellf\u00e4rger.<strong><br \/><\/strong><a href=\"https:\/\/saloniworld.com\/en-se\/products\/isabel-long-dress-in-delemare-wave\" data-click-url=\"https:\/\/saloniworld.com\/en-se\/products\/isabel-long-dress-in-delemare-wave\" data-t-type=\"custom-active\" data-t-label=\"https:\/\/saloniworld.com\/en-se\/products\/isabel-long-dress-in-delemare-wave\" rel=\"sponsored nofollow noopener\" data-t-category=\"outbound clicks\" class=\"js-ct\" target=\"_blank\"><strong>S\u00e4ljs h\u00e4r (l\u00e4nk till Saloni)<\/strong><\/a><\/p>\n<p><strong>L\u00c4S MER <\/strong><a href=\"https:\/\/damernasvarld.expressen.se\/mode\/paljetter-spets-och-sammet-17-nyarsklanningar-for-alla-planbocker\/\" data-click-url=\"https:\/\/damernasvarld.expressen.se\/mode\/paljetter-spets-och-sammet-17-nyarsklanningar-for-alla-planbocker\/\" data-t-type=\"c-t\" data-t-label=\"bodyText-link\" class=\"js-ct\" rel=\"nofollow noopener\" target=\"_blank\"><strong>17 ny\u00e5rskl\u00e4nningar f\u00f6r alla pl\u00e5nb\u00f6cker<\/strong><\/a><\/p>\n<p><strong>L\u00c4S MER <\/strong><a href=\"https:\/\/damernasvarld.expressen.se\/skonhet\/bast-i-test\/arets-basta-lappbalsam-2025-bast-i-test-for-torra-lappar\/\" data-click-url=\"https:\/\/damernasvarld.expressen.se\/skonhet\/bast-i-test\/arets-basta-lappbalsam-2025-bast-i-test-for-torra-lappar\/\" data-t-type=\"c-t\" data-t-label=\"bodyText-link\" class=\"js-ct\" rel=\"nofollow noopener\" target=\"_blank\"><strong>\u00c5rets b\u00e4sta l\u00e4ppbalsam 2025 \u2013 b\u00e4st i test f\u00f6r torra l\u00e4ppar<\/strong><\/a><strong><br \/><\/strong><\/p>\n","protected":false},"excerpt":{"rendered":"Publicerad 16 dec 2025 kl 16.34 Prinsessan Estelle har blivit en stilf\u00f6rebild att r\u00e4kna med. Vi kollar in&hellip;\n","protected":false},"author":2,"featured_media":108832,"comment_status":"","ping_status":"","sticky":false,"template":"","format":"standard","meta":{"footnotes":""},"categories":[67],"tags":[104,34,12090,31,33,32,30,105],"class_list":{"0":"post-108831","1":"post","2":"type-post","3":"status-publish","4":"format-standard","5":"has-post-thumbnail","7":"category-underhallning","8":"tag-entertainment","9":"tag-se","10":"tag-sections-kunglig-stil","11":"tag-svenska","12":"tag-sverige","13":"tag-sweden","14":"tag-swedish","15":"tag-underhallning"},"share_on_mastodon":{"url":"https:\/\/pubeurope.com\/@se\/115734746406818067","error":""},"_links":{"self":[{"href":"https:\/\/www.europesays.com\/se\/wp-json\/wp\/v2\/posts\/108831","targetHints":{"allow":["GET"]}}],"collection":[{"href":"https:\/\/www.europesays.com\/se\/wp-json\/wp\/v2\/posts"}],"about":[{"href":"https:\/\/www.europesays.com\/se\/wp-json\/wp\/v2\/types\/post"}],"author":[{"embeddable":true,"href":"https:\/\/www.europesays.com\/se\/wp-json\/wp\/v2\/users\/2"}],"replies":[{"embeddable":true,"href":"https:\/\/www.europesays.com\/se\/wp-json\/wp\/v2\/comments?post=108831"}],"version-history":[{"count":0,"href":"https:\/\/www.europesays.com\/se\/wp-json\/wp\/v2\/posts\/108831\/revisions"}],"wp:featuredmedia":[{"embeddable":true,"href":"https:\/\/www.europesays.com\/se\/wp-json\/wp\/v2\/media\/108832"}],"wp:attachment":[{"href":"https:\/\/www.europesays.com\/se\/wp-json\/wp\/v2\/media?parent=108831"}],"wp:term":[{"taxonomy":"category","embeddable":true,"href":"https:\/\/www.europesays.com\/se\/wp-json\/wp\/v2\/categories?post=108831"},{"taxonomy":"post_tag","embeddable":true,"href":"https:\/\/www.europesays.com\/se\/wp-json\/wp\/v2\/tags?post=108831"}],"curies":[{"name":"wp","href":"https:\/\/api.w.org\/{rel}","templated":true}]}}