{"id":108856,"date":"2025-12-17T12:14:40","date_gmt":"2025-12-17T12:14:40","guid":{"rendered":"https:\/\/www.europesays.com\/se\/108856\/"},"modified":"2025-12-17T12:14:40","modified_gmt":"2025-12-17T12:14:40","slug":"hon-valkomnar-svrfs-beslut-om-13-arsgransen-diskussionen-har-sparat-ur","status":"publish","type":"post","link":"https:\/\/www.europesays.com\/se\/108856\/","title":{"rendered":"Hon v\u00e4lkomnar SvRF:s beslut om 13-\u00e5rsgr\u00e4nsen: \u201dDiskussionen har sp\u00e5rat ur\u201d"},"content":{"rendered":"<p><strong>Kristina Engberg<\/strong> \u00e4r idag verksamhetschef hos Bulycke Ryttarf\u00f6rening. Hon har tidigare suttit i styrelsen f\u00f6r RF-Sisu Idrottsutbildarna i V\u00e4stra G\u00f6taland under 12 \u00e5rs tid. Hon \u00e4r d\u00e4rmed bekant med Riksidrottsf\u00f6rbundets syn p\u00e5 barnidrott.<\/p>\n<p>\u2013 Jag v\u00e4lkomnar beslutet att Svenska Ridsportf\u00f6rbundet nu best\u00e4mt sig f\u00f6r att f\u00f6lja RF:s syn p\u00e5 tr\u00e4ning och t\u00e4vling f\u00f6r barn, s\u00e4ger hon.<\/p>\n<blockquote class=\"wp-block-quote is-layout-flow wp-block-quote-is-layout-flow\">\n<p>Om barnen slutar rida f\u00f6r att de inte f\u00e5r rida SM p\u00e5 B-ponny \u2013 d\u00e5 har vi ett st\u00f6rre problem i ridsporten.<\/p>\n<\/blockquote>\n<p><a href=\"https:\/\/www.tidningenridsport.se\/ridsportforbundet-infor-13-arsgrans-pa-elitniva-lata-barn-utvecklas-i-sin-egen-takt\/\" target=\"_blank\" rel=\"noreferrer noopener nofollow\">Beslutet som presenterades av SvRF i f\u00f6rra veckan<\/a> har v\u00e4ckt stor debatt. <a href=\"https:\/\/www.tidningenridsport.se\/namninsamling-mot-nya-13-arsgransen-tycker-inte-att-det-ar-en-bra-ide\/\" target=\"_blank\" rel=\"noreferrer noopener nofollow\">En namninsamling mot beslutet har startars, med \u00f6ver 1800 underskrifter<\/a>, och <a href=\"https:\/\/www.tidningenridsport.se\/ridsporteliten-b-ponnyaren-ar-ingen-elitsatsning\/\" target=\"_blank\" rel=\"noreferrer noopener nofollow\">etablerade ridsportprofiler och toppryttare<\/a> har uttalat sig. M\u00e5nga kr\u00e4ver att SvRF ska backa i fr\u00e5gan och menar att \u00e5lderskategorierna b\u00f6r f\u00f6rbli of\u00f6r\u00e4ndrade. Men Kristina h\u00e5ller inte med kritikerna. \u00a0<\/p>\n<p>\u2013 Jag tycker att man ist\u00e4llet f\u00f6r att skrika h\u00f6gst i den h\u00e4r debatten b\u00f6r ta reda p\u00e5 vad som faktiskt ligger bakom beslutet och diskutera detta. Det finns en hel del forskning som visar att en tidig selektering inom idrott f\u00f6r barn \u00e4r negativt. Att barn f\u00e5r t\u00e4vla p\u00e5 elitniv\u00e5 \u00e4r inte n\u00e5gon garanti f\u00f6r framg\u00e5ng senare i livet, s\u00e4ger hon.<\/p>\n<p>\u2013 Jag sk\u00e4ms faktiskt f\u00f6r min sport i den h\u00e4r diskussionen. Ist\u00e4llet f\u00f6r att bara s\u00e4ga nej och avf\u00e4rda detta s\u00e5 tycker jag att man kan l\u00e4sa p\u00e5, ta reda p\u00e5 mer och lyssna p\u00e5 forskningen. Jag vet ingen annan idrott i Sverige d\u00e4r 10-\u00e5ringar f\u00e5r t\u00e4vla SM, s\u00e5 varf\u00f6r ska vi g\u00f6ra det?, fr\u00e5gar hon sig.<\/p>\n<p>Fr\u00e5gan om selektering<\/p>\n<p>Syftet med \u00e5ldersgr\u00e4nsen, enligt RF och SvRF, \u00e4r att undvika tidig selektering och utslagning, och i st\u00e4llet l\u00e4gga fokus p\u00e5 en trygg milj\u00f6 d\u00e4r barnen ska kunna k\u00e4nna gl\u00e4dje och gemenskap, samt st\u00e4rka barn och ungas utveckling inom idrotten.<\/p>\n<p>F\u00f6rbundet h\u00e4nvisar b\u00e5de till Barnkonventionen och Riksidrottsf\u00f6rbundets riktlinjer, som redan funnits i flera \u00e5r, d\u00e4r elitinriktad idrott inte ska f\u00f6rekomma f\u00f6re 13 \u00e5rs \u00e5lder.<\/p>\n<p>De som kritiserat beslutet menar bland annat att det inte f\u00f6rekommer selektering inom ridsporten p\u00e5 samma s\u00e4tt som inom andra idrotter, s\u00e5som lagidrotter. Men Kristina g\u00e5r p\u00e5 RF:s linje.<\/p>\n<p>\u2013 Det \u00e4r klart att det f\u00f6rekommer selektering. Det kr\u00e4vs kval f\u00f6r att ta sig till SM, den st\u00f6rsta t\u00e4vling vi har i Sverige. Den som p\u00e5st\u00e5r att SM p\u00e5 B-ponny inte \u00e4r en elitt\u00e4vling, utan enbart tr\u00e4ning, f\u00f6rringar hela SM f\u00f6r det \u00e4r det st\u00f6rsta vi har. Det \u00e4r ett f\u00e5tal ryttare som tar sig till SM, det om n\u00e5got \u00e4r ju selektering, s\u00e4ger Kristina.<\/p>\n<p>Gemensamma riktlinjer<\/p>\n<p>Hon menar att Svenska Ridsportf\u00f6rbundet \u00e4r en del av Riksidrottsf\u00f6rbundet och att reglerna d\u00e4rmed \u00e4r tydliga.<\/p>\n<p>\u2013 Vi har l\u00e4nge k\u00e4mpat f\u00f6r att ridsporten ska accepteras som en idrott i allm\u00e4nhetens \u00f6gon, att vi ska bli respekterade inom v\u00e5r sport och att \u00e4ven de som befinner sig utanf\u00f6r sporten ska se p\u00e5 oss som seri\u00f6sa idrottare. D\u00e5 har vi velat vara med i finrummet hos RF. Men det vi m\u00e5ste f\u00f6rst\u00e5 \u00e4r att om vi ska vara med p\u00e5 det ena s\u00e5 m\u00e5ste vi f\u00f6rh\u00e5lla oss till det andra.<\/p>\n<p>\u2013 Vi m\u00e5ste t\u00e4nka p\u00e5 hur folk utanf\u00f6r sporten ser p\u00e5 oss ocks\u00e5. Ska vi inte lyssna p\u00e5 forskningen? Ska vi bara blunda och g\u00f6ra som vi alltid har gjort? Dessa riktlinjer beslutade RF f\u00f6r m\u00e5nga \u00e5r sedan. Jag anser att man beh\u00f6ver f\u00f6rst\u00e5 att det \u00e4r RF som \u00e4ger t\u00e4vlandet. Att inte f\u00f6lja dessa riktlinjer skulle d\u00e4rf\u00f6r enligt mig k\u00e4nnas konstigt.<\/p>\n<blockquote class=\"wp-block-quote is-layout-flow wp-block-quote-is-layout-flow\">\n<p>Det \u00e4r ingen som p\u00e5 n\u00e5got s\u00e4tt p\u00e5st\u00e5tt att barns t\u00e4vlande inte ska f\u00e5 fortg\u00e5. Vad man s\u00e4ger \u00e4r att det finns gr\u00e4nser f\u00f6r hur det ska g\u00e5 till.<\/p>\n<\/blockquote>\n<p>Kristina menar att ridsporten visat sig motstr\u00e4viga.<\/p>\n<p>\u2013 Alla andra idrotter inom RF har f\u00e5tt g\u00e5 igenom det h\u00e4r, s\u00e5 ridsporten kan inte bara s\u00e4ga nej tack. Vi kan inte p\u00e5st\u00e5 att vi redan kan allt och att vi inte beh\u00f6ver ta detta till oss. Hur kan vi veta att vi redan g\u00f6r det h\u00e4r p\u00e5 b\u00e4sta m\u00f6jliga s\u00e4tt? Kanske kan vi nu se p\u00e5 v\u00e5r sport med nya \u00f6gon och fr\u00e5ga oss hur vi kan f\u00e5 v\u00e5ra ryttare att m\u00e5 \u00e4nnu b\u00e4ttre? Hur ska vi se till att barn m\u00e5r bra? Varf\u00f6r ska vi bara f\u00f6rsvara det vi redan har gjort, ist\u00e4llet f\u00f6r att f\u00f6lja med de andra idrotterna och jobba med hur vi kan g\u00f6ra det b\u00e4sta f\u00f6r b\u00e5de barn och v\u00e4rldsstj\u00e4rnor?<\/p>\n<p>P\u00e5verka i tid<\/p>\n<p>Hon menar att denna diskussion redan f\u00f6rts inom RF och att det \u00e4r d\u00e4r man skulle ha varit med och p\u00e5verkat tidigare om man velat ha en annan utg\u00e5ng.<\/p>\n<p>\u2013 Det \u00e4r ingen som p\u00e5 n\u00e5got s\u00e4tt p\u00e5st\u00e5tt att barns t\u00e4vlande inte ska f\u00e5 fortg\u00e5. Vad man s\u00e4ger \u00e4r att det finns gr\u00e4nser f\u00f6r hur det ska g\u00e5 till. Man \u00e4r barn fram tills man \u00e4r 12 \u00e5r. D\u00e4refter \u00e4r man ungdom, tills man blir vuxen. Det \u00e4r en indelning som RF gjort, baserat p\u00e5 forskning, och det f\u00e5r vi r\u00e4tta oss efter. Dessa \u00e5ldersindelningar har alla f\u00f6rbund gemensamt varit med och tagit fram och haft m\u00f6jlighet att p\u00e5verka. Det var vid dessa m\u00f6ten som en s\u00e5dan diskussion skulle tagits, vi kan inte ta det efter\u00e5t. Jag tycker att diskussionen kring detta har sp\u00e5rat ur helt, s\u00e4ger Kristina.<\/p>\n<p>T\u00e4vling och n\u00e4rhet till hemmet<\/p>\n<p>Hos RF menar man att t\u00e4vlingsmomentet \u00e4r viktigt f\u00f6r m\u00e5nga barn och ungdomar oavsett \u00e5lder och idrott. Att k\u00e4mpa, utmana och utmanas samt uppleva sp\u00e4nning tillsammans med andra leder ofta till god utveckling hos unga.<\/p>\n<p>Bra s\u00e4tt att t\u00e4vla \u00e4r d\u00e4rmed en viktig och central del av idrotten d\u00e4r t\u00e4vlandet ska ge positiva upplevelser. T\u00e4vlande p\u00e5 fel s\u00e4tt kan d\u00e4remot p\u00e5verka barn negativt, menar RF, och kan bidra till att barn och ungdomar far illa eller att de slutar idrotta.<\/p>\n<p>Idrott f\u00f6r barn, under 13 \u00e5r, ska bedrivas i enkla former och med lokal n\u00e4rhet till hemmet, enligt RF. \u00a0<\/p>\n<p>\u2013 Det \u00e4r detta vi inte f\u00f6ljer. Barnen har s\u00e4kert j\u00e4tteroligt n\u00e4r de v\u00e4l \u00e4r ute p\u00e5 t\u00e4vling, men att ha v\u00e4nner i skolan och att utvecklas med dem p\u00e5 fritiden \u00e4r ocks\u00e5 viktigt.<\/p>\n<p>\u2013 Vi m\u00e5ste akta oss f\u00f6r hur folk utifr\u00e5n ser p\u00e5 v\u00e5r sport och hur vi behandlar v\u00e5ra h\u00e4star. Det finns de som inte vill att vi ska rida eller t\u00e4vla \u00f6verhuvudtaget. Hur kommer vi d\u00e5 uppfattas om vi inte v\u00e4ljer att f\u00f6lja de riktlinjer som finns f\u00f6r barn och unga, som andra f\u00f6rbund redan valt att f\u00f6lja? Det finns regler i samh\u00e4llet som finns d\u00e4r f\u00f6r att skydda v\u00e5ra barn. D\u00e5 kan inte vi inom ridsporten s\u00e4ga att vi \u00e4r b\u00e4ttre \u00e4n alla andra och st\u00e5r \u00f6ver detta.<\/p>\n<p>\u2013 Visst \u00e4r t\u00e4vling en naturlig del av att m\u00e4ta sig med andra barn, men det handlar om p\u00e5 vilket s\u00e4tt vi g\u00f6r det. Det ska i f\u00f6rsta hand vara roligt, det \u00e4r det viktigaste. Det \u00e4r ingen som vill f\u00f6rbjuda t\u00e4vling helt och h\u00e5llet. Om barnen slutar rida f\u00f6r att de inte f\u00e5r rida SM p\u00e5 B-ponny \u2013 d\u00e5 har vi ett st\u00f6rre problem i ridsporten, s\u00e4ger Kristina.<\/p>\n<p><a href=\"https:\/\/www.tidningenridsport.se\/tag\/13-arsgrans\/\" target=\"_blank\" rel=\"noreferrer noopener nofollow\">H\u00e4r hittar du Ridsports samlade rapportering om 13-\u00e5rsgr\u00e4nsen.<\/a><\/p>\n<p>S\u00e5 arbetar Ridsport<\/p>\n<p>Grunden i v\u00e5r journalistik \u00e4r trov\u00e4rdighet och opartiskhet. Det vi publicerar ska vara sant och relevant. Ridsport \u00e4r oberoende och frist\u00e5ende i f\u00f6rh\u00e5llande till ekonomiska, privata, politiska och andra intressen.<\/p>\n","protected":false},"excerpt":{"rendered":"Kristina Engberg \u00e4r idag verksamhetschef hos Bulycke Ryttarf\u00f6rening. Hon har tidigare suttit i styrelsen f\u00f6r RF-Sisu Idrottsutbildarna i&hellip;\n","protected":false},"author":2,"featured_media":108857,"comment_status":"","ping_status":"","sticky":false,"template":"","format":"standard","meta":{"footnotes":""},"categories":[68],"tags":[12048,12049,12091,12092,34,111,110,31,5221,33,32,30],"class_list":{"0":"post-108856","1":"post","2":"type-post","3":"status-publish","4":"format-standard","5":"has-post-thumbnail","7":"category-sport","8":"tag-13-arsgrans","9":"tag-aldersgrans","10":"tag-kristina-engberg","11":"tag-riksidrottsforbundet","12":"tag-se","13":"tag-sport","14":"tag-sports","15":"tag-svenska","16":"tag-svenska-ridsportforbundet","17":"tag-sverige","18":"tag-sweden","19":"tag-swedish"},"share_on_mastodon":{"url":"https:\/\/pubeurope.com\/@se\/115734856566558033","error":""},"_links":{"self":[{"href":"https:\/\/www.europesays.com\/se\/wp-json\/wp\/v2\/posts\/108856","targetHints":{"allow":["GET"]}}],"collection":[{"href":"https:\/\/www.europesays.com\/se\/wp-json\/wp\/v2\/posts"}],"about":[{"href":"https:\/\/www.europesays.com\/se\/wp-json\/wp\/v2\/types\/post"}],"author":[{"embeddable":true,"href":"https:\/\/www.europesays.com\/se\/wp-json\/wp\/v2\/users\/2"}],"replies":[{"embeddable":true,"href":"https:\/\/www.europesays.com\/se\/wp-json\/wp\/v2\/comments?post=108856"}],"version-history":[{"count":0,"href":"https:\/\/www.europesays.com\/se\/wp-json\/wp\/v2\/posts\/108856\/revisions"}],"wp:featuredmedia":[{"embeddable":true,"href":"https:\/\/www.europesays.com\/se\/wp-json\/wp\/v2\/media\/108857"}],"wp:attachment":[{"href":"https:\/\/www.europesays.com\/se\/wp-json\/wp\/v2\/media?parent=108856"}],"wp:term":[{"taxonomy":"category","embeddable":true,"href":"https:\/\/www.europesays.com\/se\/wp-json\/wp\/v2\/categories?post=108856"},{"taxonomy":"post_tag","embeddable":true,"href":"https:\/\/www.europesays.com\/se\/wp-json\/wp\/v2\/tags?post=108856"}],"curies":[{"name":"wp","href":"https:\/\/api.w.org\/{rel}","templated":true}]}}