{"id":108858,"date":"2025-12-17T12:15:15","date_gmt":"2025-12-17T12:15:15","guid":{"rendered":"https:\/\/www.europesays.com\/se\/108858\/"},"modified":"2025-12-17T12:15:15","modified_gmt":"2025-12-17T12:15:15","slug":"sigtuna-artist-klar-for-mello-2026","status":"publish","type":"post","link":"https:\/\/www.europesays.com\/se\/108858\/","title":{"rendered":"Sigtuna-artist klar f\u00f6r Mello 2026"},"content":{"rendered":"<p class=\"ort\">Sigtuna<\/p>\n<p class=\"text\">Vilhelm Buchaus, uppv\u00e4xt vid Harberget i Sigtuna, medverkar i Melodifestivalen 2026 med l\u00e5ten &#8221;Hearts Don&#8217;t Lie&#8221;. L\u00e5ten \u00e4r skriven av David Zand\u00e9n, Isa Molin och Vilhelm Buchaus sj\u00e4lv.<\/p>\n<p class=\"text\">\u2013 L\u00e5ten handlar om hur sv\u00e5rt det kan vara i en relation. Att man inte riktigt vet vad man sj\u00e4lv k\u00e4nner, eller vad den andra k\u00e4nner. Den \u00e4r definitivt rockigare \u00e4n min f\u00f6rra mello-l\u00e5t, &#8221;I&#8217;m Your&#8217;s.&#8221;<\/p>\n<p class=\"text\">Vilhelm st\u00e4ller upp i Melodifestivalen f\u00f6r andra \u00e5ret i rad, och tredje g\u00e5ngen totalt om man r\u00e4knar lilla melodifestivalen, som han deltog i 2020 med pojkbandet Skyscraper. <\/p>\n<p class=\"text\">Sedan f\u00f6rra &#8221;mello&#8221; har han b\u00e5de hunnit sl\u00e4ppa sin debutskiva &#8221;Quiet Rooms&#8221;, och turnera runtom i Sverige.<\/p>\n<p class=\"text\">\u2013 Det har varit kul att upptr\u00e4da inf\u00f6r st\u00f6rre publik efter f\u00f6rra mellodeltagandet, d\u00e5 m\u00e5ste man t\u00e4nka mer p\u00e5 mellansnack och s\u00e5.<\/p>\n<p class=\"text\">Numera bor Vilhelm i Stockholm, men f\u00f6r\u00e4ldrarna bor kvar i Sigtuna.<\/p>\n<p class=\"text\">\u2013 Jag bes\u00f6ker de ofta, Sigtuna k\u00e4nns fortfarande som hemma.<\/p>\n<p class=\"text\">Vilhelm upptr\u00e4der i den sista delt\u00e4vlingen, i Sundsvall. N\u00e4sta \u00e5rs Melodifestival startar l\u00f6rdagen den 31 januari i Link\u00f6ping, och finalen h\u00e5lls som vanligt den 7 mars p\u00e5 Strawberry Arena i Stockholm.<\/p>\n<p class=\"text\">\u2013 Jag f\u00f6rs\u00f6ker fokusera p\u00e5 mig sj\u00e4lv, och g\u00f6ra mitt allra b\u00e4sta. Det \u00e4r v\u00e4ldigt kul att st\u00e4lla upp igen, avslutar Vilhelm.<\/p>\n<p class=\"faktarubrik\">De t\u00e4vlar i delt\u00e4vling 5<\/p>\n<p class=\"fakta\">Lilla Al-Fadji med Delulu \u2013 Upphov: Daniel R\u00e9hn, Edward af Sill\u00e9n, Lilla Al-Fadji, Fredrik Sonefors, Melanie Wehbe, Mikaela Samuelsson<\/p>\n<p class=\"fakta\">Vilhelm Buchaus med Heart&#8217;s don&#8217;t lie \u2013 Upphov: David Zand\u00e9n, Isa Molin, Vilhelm Buchaus<\/p>\n<p class=\"fakta\">Juliett med L\u00e5ngt fr\u00e5n alla andra \u2013 Upphov: David Sj\u00e4lin, Elias Kask, Herman Gardarfve, Ludvig Alamanos, Romeo Er-Melin, Valter Wigren<\/p>\n<p class=\"fakta\">Alexa med Tongue tied \u2013 Upphov: AleXa, Moonshine (Jonatan Gusmark &amp; Ludvig Evers), Sunshine (Ellen Berg &amp; Moa \u201dCazzi Opeia\u201d Carlebecker)<\/p>\n<p class=\"fakta\">Sanna Nielsen med Waste your love \u2013 Upphov: Jimmy Jansson, Peter Bostr\u00f6m, Thomas G:son<\/p>\n<p class=\"fakta\">Blad\u00eb med Who you are \u2013 Upphov: Isa Tengblad, Josefina Carlbom<\/p>\n<p class=\"faktakalla\">K\u00e4lla: SVT<\/p>\n<p class=\"citat\">Jag f\u00f6rs\u00f6ker fokusera p\u00e5 mig sj\u00e4lv<\/p>\n","protected":false},"excerpt":{"rendered":"Sigtuna Vilhelm Buchaus, uppv\u00e4xt vid Harberget i Sigtuna, medverkar i Melodifestivalen 2026 med l\u00e5ten &#8221;Hearts Don&#8217;t Lie&#8221;. L\u00e5ten&hellip;\n","protected":false},"author":2,"featured_media":108859,"comment_status":"","ping_status":"","sticky":false,"template":"","format":"standard","meta":{"footnotes":""},"categories":[67],"tags":[104,34,31,33,32,30,105],"class_list":{"0":"post-108858","1":"post","2":"type-post","3":"status-publish","4":"format-standard","5":"has-post-thumbnail","7":"category-underhallning","8":"tag-entertainment","9":"tag-se","10":"tag-svenska","11":"tag-sverige","12":"tag-sweden","13":"tag-swedish","14":"tag-underhallning"},"share_on_mastodon":{"url":"https:\/\/pubeurope.com\/@se\/115734860474709716","error":""},"_links":{"self":[{"href":"https:\/\/www.europesays.com\/se\/wp-json\/wp\/v2\/posts\/108858","targetHints":{"allow":["GET"]}}],"collection":[{"href":"https:\/\/www.europesays.com\/se\/wp-json\/wp\/v2\/posts"}],"about":[{"href":"https:\/\/www.europesays.com\/se\/wp-json\/wp\/v2\/types\/post"}],"author":[{"embeddable":true,"href":"https:\/\/www.europesays.com\/se\/wp-json\/wp\/v2\/users\/2"}],"replies":[{"embeddable":true,"href":"https:\/\/www.europesays.com\/se\/wp-json\/wp\/v2\/comments?post=108858"}],"version-history":[{"count":0,"href":"https:\/\/www.europesays.com\/se\/wp-json\/wp\/v2\/posts\/108858\/revisions"}],"wp:featuredmedia":[{"embeddable":true,"href":"https:\/\/www.europesays.com\/se\/wp-json\/wp\/v2\/media\/108859"}],"wp:attachment":[{"href":"https:\/\/www.europesays.com\/se\/wp-json\/wp\/v2\/media?parent=108858"}],"wp:term":[{"taxonomy":"category","embeddable":true,"href":"https:\/\/www.europesays.com\/se\/wp-json\/wp\/v2\/categories?post=108858"},{"taxonomy":"post_tag","embeddable":true,"href":"https:\/\/www.europesays.com\/se\/wp-json\/wp\/v2\/tags?post=108858"}],"curies":[{"name":"wp","href":"https:\/\/api.w.org\/{rel}","templated":true}]}}