{"id":108878,"date":"2025-12-17T12:31:10","date_gmt":"2025-12-17T12:31:10","guid":{"rendered":"https:\/\/www.europesays.com\/se\/108878\/"},"modified":"2025-12-17T12:31:10","modified_gmt":"2025-12-17T12:31:10","slug":"har-ar-nya-avtalet-mellan-shl-och-hockeyallsvenskan","status":"publish","type":"post","link":"https:\/\/www.europesays.com\/se\/108878\/","title":{"rendered":"H\u00e4r \u00e4r nya avtalet mellan SHL och hockeyallsvenskan"},"content":{"rendered":"<p>Publicerad 17 dec 2025 kl 10.51Uppdaterad kl 11.42<\/p>\n<p>Det nuvarande fyra\u00e5rsavtalet mellan hockeyallsvenskan och SHL l\u00f6per ut efter s\u00e4songen.<\/p>\n<p>Nu kan Expressen avsl\u00f6ja att parterna \u00e4r \u00f6verens om ett nytt avtal till 2030.<\/p>\n<p>\u2013 Vi f\u00f6rhandlar inte just nu, det ska egentligen bara skrivas p\u00e5, s\u00e4ger SHL:s sportchef Johan Hemlin.\u00a0<\/p>\n<p><img   alt=\"\"\/><\/p>\n<p>August Berg i Modotr\u00f6jan.<\/p>\n<p>Foto: JONAS FORSBERG \/ BILDBYR\u00c5N<\/p>\n<p>\u00d6ppna bild i helsk\u00e4rm<\/p>\n<p>I tv\u00e5 cykler, 2018-2022 och 2022-2026, har hockeyallsvenskan och <a href=\"https:\/\/www.expressen.se\/tagg\/organization\/shl\/\" class=\"\" rel=\"nofollow noopener\" target=\"_blank\">SHL<\/a> haft ett g\u00e4llande avtal som bland annat reglerar ers\u00e4ttningsniv\u00e5erna f\u00f6r \u00f6verg\u00e5ngar och l\u00e5neuppl\u00e4gget mellan ligorna.<\/p>\n<p>Snart \u00e4r ett nytt avtal p\u00e5 plats som str\u00e4cker sig fr\u00e5n 2026 till 2030.\u00a0<\/p>\n<p>Artikeln i korthet<\/p>\n<p> Ett nytt avtal mellan SHL och hockeyallsvenskan f\u00f6r 2026\u20132030 \u00e4r n\u00e4ra klart och inneb\u00e4r h\u00f6gre ers\u00e4ttning till HA-klubbarna.<\/p>\n<p> 3+1-regeln slopas f\u00f6r att ge b\u00e4ttre utvecklingsm\u00f6jligheter f\u00f6r svenska juniorer och skapa ett mer flexibelt l\u00e5nesystem.<\/p>\n<p>Visa mer<\/p>\n<p>Redan ifjol initierades samtalen mellan Sveriges tv\u00e5 h\u00f6gstaligor och nu talar allt f\u00f6r att man inom kort \u00e4r i m\u00e5l.<\/p>\n<p>\u2013 Det har tagit fart under h\u00f6sten. Det \u00e5terst\u00e5r bara lite sm\u00e5fix och detaljer innan den sista p\u00e5skriften, ber\u00e4ttar Johan Hemlin, som varit involverad i alla tidigare \u00f6verenskommelser mellan HA och SHL.\u00a0<\/p>\n<p><img loading=\"lazy\"   alt=\"\"\/><\/p>\n<p>Hemlin, sportchef i SHL.<\/p>\n<p>Foto: CAISA RASMUSSEN \/ BILDBYR\u00c5N<\/p>\n<p>\u00d6ppna bild i helsk\u00e4rm<\/p>\n<p>En central del i det kommande avtalet r\u00f6r den ers\u00e4ttning SHL betalar f\u00f6r att v\u00e4rva spelare fr\u00e5n hockeyallsvenskan. I den nuvarande uppg\u00f6relsen har en klumpsumma fr\u00e5n SHL f\u00f6rdelats mellan de allsvenska klubbarna n\u00e4r \u00f6verg\u00e5ngar skett inf\u00f6r varje ny s\u00e4song.<\/p>\n<p>Den har under avtalsperioden stegrat och l\u00e5g ifjol p\u00e5 p\u00e5 16 miljoner kronor.<\/p>\n<p>\u2013 D\u00e4r sker en \u00f6kning i n\u00e4sta avtal, bekr\u00e4ftar Hemlin.<\/p>\n<p>SHL:s sportchef vill d\u00e4remot, med anledning av att avtalet \u00e4nnu inte \u00e4r signerat, kommentera vad summan landar p\u00e5.\u00a0<\/p>\n<p>Enligt Expressens uppgifter har HA-lagen tidigare f\u00e5tt i snitt 400 000-600 000 kronor f\u00f6r varje spelare som l\u00e4mnat f\u00f6r SHL. Beloppen avg\u00f6rs av en ers\u00e4ttningstabell som hockeyallsvenskan r\u00e5der \u00f6ver.<\/p>\n<p>\u2013 Med det nya avtalet kommer mer pengar rinna ned i systemet, forts\u00e4tter Hemlin.<\/p>\n<p>Ligorna \u00e4r d\u00e4rtill \u00f6verens om att HA-klubbarna inte ska b\u00e4ra en lika tung ekonomisk b\u00f6rda vid l\u00e5neaff\u00e4rer.\u00a0<\/p>\n<p>\u2013 Vi kommer begr\u00e4nsa hur mycket v\u00e5ra klubbar (SHL) kan fakturera de allsvenska lagen. Det ska bli billigare f\u00f6r HA-lagen att l\u00e5na spelare.\u00a0<\/p>\n<p><strong>S\u00e5 i de flesta fall kommer SHL-lagen st\u00e5 f\u00f6r 100 procent av l\u00f6nen vid en utl\u00e5ning?<\/strong><\/p>\n<p>\u2013 Det d\u00e4r styr klubbarna sj\u00e4lva. Men det kommer finnas en intern begr\u00e4nsning f\u00f6r hur mycket klubbarna kan fakturera HA-lagen.\u00a0<\/p>\n<p><img loading=\"lazy\"   alt=\"\"\/><\/p>\n<p>Jakob Ihs-Wozniak \u00e4r en av flera l\u00e5nespelare i HA den h\u00e4r s\u00e4songen. Han har h\u00e4mtats in till Bj\u00f6rkl\u00f6ven fr\u00e5n Lule\u00e5.<\/p>\n<p>Foto: MICHAEL CAMPANELLA \/ BILDBYR\u00c5N<\/p>\n<p>\u00d6ppna bild i helsk\u00e4rm<\/p>\n<p>Dessutom kommer den omtvistade 3+1-regeln \u2013 som till\u00e5ter varje allsvenskt lag att l\u00e5na tre utespelare och en m\u00e5lvakt under s\u00e4song fr\u00e5n SHL \u2013 att slopas.\u00a0<\/p>\n<p>Enligt Johan Hemlin \u00e4r SHL, hockeyallsvenskan och ishockeyf\u00f6rbundet \u00f6verens om att svensk ishockey kommer gynnas av ett mer flexibelt l\u00e5nesystem.<\/p>\n<p>\u2013 Den punkten \u00e4r helt avg\u00f6rande, annars blir det inget avtal. F\u00f6r vi vill hitta en b\u00e4ttre balans som ska hj\u00e4lpa v\u00e5ra svenska juniorer att f\u00e5 istid och att utvecklas. Det \u00e4r helt avg\u00f6rande f\u00f6r svensk ishockey.<\/p>\n<p>Hemlin forts\u00e4tter:<\/p>\n<p>Annons<\/p>\n<p>\u2013 Det avtal vi har nu med hockeyallsvenskan avviker egentligen fr\u00e5n t\u00e4vlingsbest\u00e4mmelserna. I stort har det fungerat bra, men vi m\u00e5ste kunna s\u00e4kerst\u00e4lla att v\u00e5ra talanger f\u00e5r spela n\u00e4r de l\u00e5nas ut. De kan inte bli l\u00e5sta i ett system.<\/p>\n<p><strong>Hur s\u00e4kerst\u00e4ller man det?<\/strong><\/p>\n<p>\u2013 Vi f\u00e5r reglera det p\u00e5 ett annat s\u00e4tt, helt enkelt. Jag kan inte g\u00e5 in p\u00e5 n\u00e5gra detaljer \u00e4n, men alla \u00e4r p\u00e5 samma sida h\u00e4r: vi beh\u00f6ver en mer flexibel l\u00e5nel\u00f6sning.\u00a0<\/p>\n<blockquote><p>Fyra \u00e5r \u00e4r en bra cykel<\/p><\/blockquote>\n<p>Avtalet mellan ligorna kommer fram\u00f6ver att str\u00e4cka sig lika l\u00e5ngt som svensk ishockeys \u00f6verenskommelse med NHL, allts\u00e5 till 2030.\u00a0<\/p>\n<p>Kommande \u00e5r, 2026, har svensk ishockey dock m\u00f6jlighet att l\u00e4mna det NHL-avtalet tack vare en option i \u00e5tta\u00e5rskontraktet som skrevs 2022.<\/p>\n<p>\u2013 Men jag utg\u00e5r ifr\u00e5n att svensk ishockey inte kommer s\u00e4ga upp det avtalet. Som det ser ut i dag ligger NHL-avtalet f\u00f6rst n\u00e4r det kommer till \u00f6verg\u00e5ngar mellan s\u00e4songerna, sedan f\u00f6ljer v\u00e5rt avtal efter.\u00a0<\/p>\n<p><strong>Varf\u00f6r vill ni att avtalet mellan SHL och HA ska g\u00e4lla till just 2030?<\/strong><\/p>\n<p>\u2013 Det \u00e4r en bra tid. Skriver du kortare, d\u00e5 m\u00e5ste man b\u00f6rja peta med avtalet n\u00e4stan omg\u00e5ende. Fyra \u00e5r \u00e4r en bra cykel, avslutar Johan Hemlin.<\/p>\n<p>Expressen har s\u00f6kt hockeyallsvenskans sportchef Erik Ryman.<\/p>\n","protected":false},"excerpt":{"rendered":"Publicerad 17 dec 2025 kl 10.51Uppdaterad kl 11.42 Det nuvarande fyra\u00e5rsavtalet mellan hockeyallsvenskan och SHL l\u00f6per ut efter&hellip;\n","protected":false},"author":2,"featured_media":108879,"comment_status":"","ping_status":"","sticky":false,"template":"","format":"standard","meta":{"footnotes":""},"categories":[68],"tags":[641,1179,34,255,823,111,110,31,33,32,30],"class_list":{"0":"post-108878","1":"post","2":"type-post","3":"status-publish","4":"format-standard","5":"has-post-thumbnail","7":"category-sport","8":"tag-organization-hockeyallsvenskan","9":"tag-organization-shl","10":"tag-se","11":"tag-sections-ishockey","12":"tag-sections-shl","13":"tag-sport","14":"tag-sports","15":"tag-svenska","16":"tag-sverige","17":"tag-sweden","18":"tag-swedish"},"share_on_mastodon":{"url":"https:\/\/pubeurope.com\/@se\/115734923512059263","error":""},"_links":{"self":[{"href":"https:\/\/www.europesays.com\/se\/wp-json\/wp\/v2\/posts\/108878","targetHints":{"allow":["GET"]}}],"collection":[{"href":"https:\/\/www.europesays.com\/se\/wp-json\/wp\/v2\/posts"}],"about":[{"href":"https:\/\/www.europesays.com\/se\/wp-json\/wp\/v2\/types\/post"}],"author":[{"embeddable":true,"href":"https:\/\/www.europesays.com\/se\/wp-json\/wp\/v2\/users\/2"}],"replies":[{"embeddable":true,"href":"https:\/\/www.europesays.com\/se\/wp-json\/wp\/v2\/comments?post=108878"}],"version-history":[{"count":0,"href":"https:\/\/www.europesays.com\/se\/wp-json\/wp\/v2\/posts\/108878\/revisions"}],"wp:featuredmedia":[{"embeddable":true,"href":"https:\/\/www.europesays.com\/se\/wp-json\/wp\/v2\/media\/108879"}],"wp:attachment":[{"href":"https:\/\/www.europesays.com\/se\/wp-json\/wp\/v2\/media?parent=108878"}],"wp:term":[{"taxonomy":"category","embeddable":true,"href":"https:\/\/www.europesays.com\/se\/wp-json\/wp\/v2\/categories?post=108878"},{"taxonomy":"post_tag","embeddable":true,"href":"https:\/\/www.europesays.com\/se\/wp-json\/wp\/v2\/tags?post=108878"}],"curies":[{"name":"wp","href":"https:\/\/api.w.org\/{rel}","templated":true}]}}