{"id":108884,"date":"2025-12-17T12:38:11","date_gmt":"2025-12-17T12:38:11","guid":{"rendered":"https:\/\/www.europesays.com\/se\/108884\/"},"modified":"2025-12-17T12:38:11","modified_gmt":"2025-12-17T12:38:11","slug":"forskning-kopplar-dodliga-nervsjukdomen-als-till-specifika-yrken","status":"publish","type":"post","link":"https:\/\/www.europesays.com\/se\/108884\/","title":{"rendered":"Forskning kopplar d\u00f6dliga nervsjukdomen ALS till specifika yrken"},"content":{"rendered":"<p>Forskaren: Detta vet vi nu<\/p>\n<p><strong>Per Zetterstr\u00f6m<\/strong> \u00e4r ALS-forskare och l\u00e4kare i klinisk kemi vid Norrlands universitetssjukhus, <\/p>\n<p>\u201cDet finns studier som tyder p\u00e5 att fysiskt arbete kan vara en del av orsaken\u201d, s\u00e4ger Per Zetterstr\u00f6m till <a href=\"http:\/\/q6nwXg\/als-kopplas-till-sarskilda-yrken-ny-forskning-visar\" rel=\"nofollow\">Aftonbladet<\/a>..<\/p>\n<p>f\u00f6rklarar att ALS \u00e4r sv\u00e5r att uppt\u00e4cka eftersom sjukdomen inte syns i blodprov eller p\u00e5 r\u00f6ntgen. Symtomen kan dessutom se olika ut. Hos vissa b\u00f6rjar sjukdomen med psykiska eller beteendem\u00e4ssiga f\u00f6r\u00e4ndringar snarare \u00e4n klassiska muskelsymtom, vilket tidigare gjort att diagnosen missats, skriver <a href=\"http:\/\/q6nwXg\/als-kopplas-till-sarskilda-yrken-ny-forskning-visar\" rel=\"nofollow\">Aftonbladet<\/a>.<\/p>\n<p>\u00c4rftligt med ALS<\/p>\n<p>N\u00e4r det g\u00e4ller orsakerna till ALS \u00e4r \u00e4rftlighet den tydligaste riskfaktorn. Cirka tio procent av fallen \u00e4r genetiska. F\u00f6r majoriteten av de drabbade \u00e4r orsakerna fortfarande oklara.<\/p>\n<p>Forskningen pekar dock p\u00e5 m\u00f6jliga samband med milj\u00f6faktorer, s\u00e5som exponering f\u00f6r kemikalier, bek\u00e4mpningsmedel och tungmetaller.<\/p>\n<p>M\u00e4n dominerar bland patienterna<\/p>\n<p>Sjukdomen \u00e4r n\u00e4stan dubbelt s\u00e5 vanlig bland m\u00e4n som bland kvinnor. En m\u00f6jlig f\u00f6rklaring \u00e4r att m\u00e4n i st\u00f6rre utstr\u00e4ckning arbetar i yrken som inneb\u00e4r tungt fysiskt arbete. Studier tyder p\u00e5 att just kombinationen av h\u00e5rd fysisk belastning och exponering f\u00f6r vissa \u00e4mnen kan \u00f6ka risken att utveckla ALS. Lantbrukare och milit\u00e4rer n\u00e4mns s\u00e4rskilt som grupper d\u00e4r en f\u00f6rh\u00f6jd risk har observerats.<\/p>\n<p>Liknande m\u00f6nster har \u00e4ven setts bland elitidrottare, som \u00e4r \u00f6verrepresenterade i statistiken, \u00e4ven om det r\u00f6r sig om en mycket liten andel totalt sett.<\/p>\n<p>Trots forskningsframsteg finns det i dag inget k\u00e4nt s\u00e4tt att f\u00f6rebygga ALS. Samtidigt p\u00e5g\u00e5r intensiv forskning, och nya l\u00e4kemedel har visat lovande resultat, \u00e4ven om alla \u00e4nnu inte \u00e4r tillg\u00e4ngliga i Sverige.<\/p>\n<p>L\u00e4s mer om h\u00e4lsa:<\/p>\n<p><a href=\"https:\/\/www.news55.se\/halsa\/svart-att-hantera-pensionen-kan-vara-dold-ocd\/\" rel=\"nofollow noopener\" target=\"_blank\">Sv\u00e5rt att hantera pensionen? Kan vara dold OCD<\/a><\/p>\n<p><a href=\"https:\/\/www.news55.se\/halsa\/ensamma-och-forbisedda-aldre-singlar-lamnas-i-sticket\/\" rel=\"nofollow noopener\" target=\"_blank\">Ensamma och f\u00f6rbisedda \u2013 \u00e4ldre singlar l\u00e4mnas i sticket<\/a><\/p>\n<p><a href=\"https:\/\/www.news55.se\/halsa\/julmaten-halsosammare-an-du-tror-naringsrika-livsmedel\/\" rel=\"nofollow noopener\" target=\"_blank\">Julmaten h\u00e4lsosammare \u00e4n du tror: \u201cN\u00e4ringsrika livsmedel\u201d<\/a><\/p>\n<p><a href=\"https:\/\/www.news55.se\/halsa\/somnexperten-sa-klarar-du-vintermorkret\/\" rel=\"nofollow noopener\" target=\"_blank\">S\u00f6mnexperten: S\u00e5 klarar du vinterm\u00f6rkret<br \/><\/a><a href=\"https:\/\/www.news55.se\/halsa\/julmaten-halsosammare-an-du-tror-naringsrika-livsmedel\/\" rel=\"nofollow noopener\" target=\"_blank\"><br \/><\/a><a href=\"https:\/\/www.news55.se\/halsa\/ensamma-och-forbisedda-aldre-singlar-lamnas-i-sticket\/\" rel=\"nofollow noopener\" target=\"_blank\"><br \/><\/a><a href=\"https:\/\/www.news55.se\/halsa\/svart-att-hantera-pensionen-kan-vara-dold-ocd\/\" rel=\"nofollow noopener\" target=\"_blank\"><br \/><\/a><\/p>\n<p>L\u00e4s mer fr\u00e5n News55 &#8211; v\u00e5rt nyhetsbrev \u00e4r kostnadsfritt:Prenumerera<\/p>\n","protected":false},"excerpt":{"rendered":"Forskaren: Detta vet vi nu Per Zetterstr\u00f6m \u00e4r ALS-forskare och l\u00e4kare i klinisk kemi vid Norrlands universitetssjukhus, \u201cDet&hellip;\n","protected":false},"author":2,"featured_media":108885,"comment_status":"","ping_status":"","sticky":false,"template":"","format":"standard","meta":{"footnotes":""},"categories":[69],"tags":[5444,12103,4998,632,113,112,12104,34,6723,2298,31,33,32,30],"class_list":{"0":"post-108884","1":"post","2":"type-post","3":"status-publish","4":"format-standard","5":"has-post-thumbnail","7":"category-halsa","8":"tag-aldre","9":"tag-als","10":"tag-forskare","11":"tag-forskning","12":"tag-halsa","13":"tag-health","14":"tag-nerver","15":"tag-se","16":"tag-sjukdom","17":"tag-sjukvard","18":"tag-svenska","19":"tag-sverige","20":"tag-sweden","21":"tag-swedish"},"share_on_mastodon":{"url":"https:\/\/pubeurope.com\/@se\/115734950986083099","error":""},"_links":{"self":[{"href":"https:\/\/www.europesays.com\/se\/wp-json\/wp\/v2\/posts\/108884","targetHints":{"allow":["GET"]}}],"collection":[{"href":"https:\/\/www.europesays.com\/se\/wp-json\/wp\/v2\/posts"}],"about":[{"href":"https:\/\/www.europesays.com\/se\/wp-json\/wp\/v2\/types\/post"}],"author":[{"embeddable":true,"href":"https:\/\/www.europesays.com\/se\/wp-json\/wp\/v2\/users\/2"}],"replies":[{"embeddable":true,"href":"https:\/\/www.europesays.com\/se\/wp-json\/wp\/v2\/comments?post=108884"}],"version-history":[{"count":0,"href":"https:\/\/www.europesays.com\/se\/wp-json\/wp\/v2\/posts\/108884\/revisions"}],"wp:featuredmedia":[{"embeddable":true,"href":"https:\/\/www.europesays.com\/se\/wp-json\/wp\/v2\/media\/108885"}],"wp:attachment":[{"href":"https:\/\/www.europesays.com\/se\/wp-json\/wp\/v2\/media?parent=108884"}],"wp:term":[{"taxonomy":"category","embeddable":true,"href":"https:\/\/www.europesays.com\/se\/wp-json\/wp\/v2\/categories?post=108884"},{"taxonomy":"post_tag","embeddable":true,"href":"https:\/\/www.europesays.com\/se\/wp-json\/wp\/v2\/tags?post=108884"}],"curies":[{"name":"wp","href":"https:\/\/api.w.org\/{rel}","templated":true}]}}