{"id":108889,"date":"2025-12-17T12:42:08","date_gmt":"2025-12-17T12:42:08","guid":{"rendered":"https:\/\/www.europesays.com\/se\/108889\/"},"modified":"2025-12-17T12:42:08","modified_gmt":"2025-12-17T12:42:08","slug":"tack-till-alla-som-erbjudit-praoplatser-under-hosten-psst-vi-soker-fler-till-varen","status":"publish","type":"post","link":"https:\/\/www.europesays.com\/se\/108889\/","title":{"rendered":"Tack till alla som erbjudit praoplatser under h\u00f6sten! Psst: vi s\u00f6ker fler till v\u00e5ren"},"content":{"rendered":"<p class=\"normal\">Vi uppskattar ert engagemang och st\u00f6d enormt! Tack vare er arbetsplatser har v\u00e5ra elever f\u00e5tt v\u00e4rdefulla erfarenheter som hj\u00e4lper dem att g\u00f6ra genomt\u00e4nkta gymnasieval och f\u00f6rst\u00e5 sin framtida roll i arbetslivet.<\/p>\n<p>Nu s\u00f6ker vi fler praoplatser inf\u00f6r v\u00e5rterminen<\/p>\n<p class=\"normal\">Vi ser fram emot att v\u00e4lkomna \u00e4nnu fler f\u00f6retag och verksamheter till v\u00e5rt prao-program inf\u00f6r v\u00e5rterminen. Att erbjuda en praoplats \u00e4r inte bara givande f\u00f6r eleverna, utan ger ocks\u00e5 er m\u00f6jlighet att visa upp er verksamhet f\u00f6r den kommande generationens arbetskraft. Kanske \u00e4r det er framtida medarbetare som kommer p\u00e5 prao?<\/p>\n<p class=\"normal\">Att vara en praoplats \u00e4r enkelt, roligt och ett s\u00e4tt att st\u00e4rka ert arbetsgivarvarum\u00e4rke &#8211; samtidigt som ni g\u00f6r en viktig samh\u00e4llsinsats. Kontakta oss f\u00f6r att diskutera hur ni kan bidra till elevernas framtida utveckling! Vi erbjuder bland annat digitala handledartr\u00e4ffar f\u00f6r alla v\u00e5ra praoplatser samt \u00e4ven till er som funderar p\u00e5 att bli praoplats. <\/p>\n","protected":false},"excerpt":{"rendered":"Vi uppskattar ert engagemang och st\u00f6d enormt! Tack vare er arbetsplatser har v\u00e5ra elever f\u00e5tt v\u00e4rdefulla erfarenheter som&hellip;\n","protected":false},"author":2,"featured_media":108890,"comment_status":"","ping_status":"","sticky":false,"template":"","format":"standard","meta":{"footnotes":""},"categories":[65],"tags":[72,70,71,12108,12009,12107,12110,12105,12106,12109,34,31,33,32,30],"class_list":{"0":"post-108889","1":"post","2":"type-post","3":"status-publish","4":"format-standard","5":"has-post-thumbnail","7":"category-ekonomi","8":"tag-business","9":"tag-economy","10":"tag-ekonomi","11":"tag-elev","12":"tag-gora","13":"tag-praktik","14":"tag-praktikplats","15":"tag-prao","16":"tag-praoa","17":"tag-praoelev","18":"tag-se","19":"tag-svenska","20":"tag-sverige","21":"tag-sweden","22":"tag-swedish"},"share_on_mastodon":{"url":"https:\/\/pubeurope.com\/@se\/115734966725652659","error":""},"_links":{"self":[{"href":"https:\/\/www.europesays.com\/se\/wp-json\/wp\/v2\/posts\/108889","targetHints":{"allow":["GET"]}}],"collection":[{"href":"https:\/\/www.europesays.com\/se\/wp-json\/wp\/v2\/posts"}],"about":[{"href":"https:\/\/www.europesays.com\/se\/wp-json\/wp\/v2\/types\/post"}],"author":[{"embeddable":true,"href":"https:\/\/www.europesays.com\/se\/wp-json\/wp\/v2\/users\/2"}],"replies":[{"embeddable":true,"href":"https:\/\/www.europesays.com\/se\/wp-json\/wp\/v2\/comments?post=108889"}],"version-history":[{"count":0,"href":"https:\/\/www.europesays.com\/se\/wp-json\/wp\/v2\/posts\/108889\/revisions"}],"wp:featuredmedia":[{"embeddable":true,"href":"https:\/\/www.europesays.com\/se\/wp-json\/wp\/v2\/media\/108890"}],"wp:attachment":[{"href":"https:\/\/www.europesays.com\/se\/wp-json\/wp\/v2\/media?parent=108889"}],"wp:term":[{"taxonomy":"category","embeddable":true,"href":"https:\/\/www.europesays.com\/se\/wp-json\/wp\/v2\/categories?post=108889"},{"taxonomy":"post_tag","embeddable":true,"href":"https:\/\/www.europesays.com\/se\/wp-json\/wp\/v2\/tags?post=108889"}],"curies":[{"name":"wp","href":"https:\/\/api.w.org\/{rel}","templated":true}]}}