{"id":108894,"date":"2025-12-17T12:47:12","date_gmt":"2025-12-17T12:47:12","guid":{"rendered":"https:\/\/www.europesays.com\/se\/108894\/"},"modified":"2025-12-17T12:47:12","modified_gmt":"2025-12-17T12:47:12","slug":"degerfors-pa-vag-att-kopa-loss-kazper-karlsson-fran-aik-allsvenskan","status":"publish","type":"post","link":"https:\/\/www.europesays.com\/se\/108894\/","title":{"rendered":"Degerfors p\u00e5 v\u00e4g att k\u00f6pa loss Kazper Karlsson fr\u00e5n AIK | Allsvenskan"},"content":{"rendered":"<p>Publicerad 17 dec 2025 kl 09.02Uppdaterad kl 09.08<\/p>\n<p>Degerfors \u00e4r p\u00e5 v\u00e4g mot en meriterande v\u00e4rvning.<\/p>\n<p>Enligt Expressens k\u00e4llor \u00e4r Kazper Karlsson detaljer fr\u00e5n att bli klar.<\/p>\n<p>Mittf\u00e4ltaren v\u00e4ntas inom kort skriva p\u00e5 ett l\u00e4ngre avtal med klubben.<\/p>\n<p><img   alt=\"\"\/> <\/p>\n<p>Foto: KENTA J\u00d6NSSON \/ BILDBYR\u00c5N<\/p>\n<p>\u00d6ppna bild i helsk\u00e4rm<\/p>\n<p>Det var i somras som AIK l\u00e5nade ut Kazper Karlsson till Degerfors. D\u00e4r hade mittf\u00e4ltaren en framtr\u00e4dande roll i klubben under h\u00f6sten d\u00e4r man sedermera \u00e4ven s\u00e4krade nytt kontrakt.<\/p>\n<p>Tidigare har V\u00e4rmlands Folkblad skrivit att Degerfors vill beh\u00e5lla spelaren, och d\u00e4refter har det varit tyst kring mittf\u00e4ltarens fortsatta framtid p\u00e5 Stora Valla.<\/p>\n<p>K\u00f6ps loss<\/p>\n<p>Expressen kan nu ber\u00e4tta att Degerfors \u00e4r detaljer fr\u00e5n att k\u00f6pa loss Kazper Karlsson fr\u00e5n AIK. Faller det sista p\u00e5 plats mellan klubbarna skriver Karlsson p\u00e5 ett l\u00e4ngre kontrakt inom kort innan han presenteras officiellt.<\/p>\n<p>Det blev nio matcher totalt f\u00f6r 20-\u00e5ringen under Henok Goitoms ledning. I AIK hade spelaren sv\u00e5rt att ta en ordinarie tr\u00f6ja och totalt blev det elva framtr\u00e4dande i Gnaget.<\/p>\n<p>Nu kommer karri\u00e4ren allts\u00e5 att forts\u00e4tta i Degerfors om inget ov\u00e4ntat intr\u00e4ffar under den n\u00e4rmsta veckan eller tv\u00e5.<\/p>\n","protected":false},"excerpt":{"rendered":"Publicerad 17 dec 2025 kl 09.02Uppdaterad kl 09.08 Degerfors \u00e4r p\u00e5 v\u00e4g mot en meriterande v\u00e4rvning. Enligt Expressens&hellip;\n","protected":false},"author":2,"featured_media":108895,"comment_status":"","ping_status":"","sticky":false,"template":"","format":"standard","meta":{"footnotes":""},"categories":[68],"tags":[131,555,1235,34,130,129,111,110,31,33,32,30],"class_list":{"0":"post-108894","1":"post","2":"type-post","3":"status-publish","4":"format-standard","5":"has-post-thumbnail","7":"category-sport","8":"tag-organization-aik-fotboll","9":"tag-organization-allsvenskan","10":"tag-organization-degerfors-if","11":"tag-se","12":"tag-sections-allsvenskan","13":"tag-sections-fotboll","14":"tag-sport","15":"tag-sports","16":"tag-svenska","17":"tag-sverige","18":"tag-sweden","19":"tag-swedish"},"share_on_mastodon":{"url":"https:\/\/pubeurope.com\/@se\/115734986328553097","error":""},"_links":{"self":[{"href":"https:\/\/www.europesays.com\/se\/wp-json\/wp\/v2\/posts\/108894","targetHints":{"allow":["GET"]}}],"collection":[{"href":"https:\/\/www.europesays.com\/se\/wp-json\/wp\/v2\/posts"}],"about":[{"href":"https:\/\/www.europesays.com\/se\/wp-json\/wp\/v2\/types\/post"}],"author":[{"embeddable":true,"href":"https:\/\/www.europesays.com\/se\/wp-json\/wp\/v2\/users\/2"}],"replies":[{"embeddable":true,"href":"https:\/\/www.europesays.com\/se\/wp-json\/wp\/v2\/comments?post=108894"}],"version-history":[{"count":0,"href":"https:\/\/www.europesays.com\/se\/wp-json\/wp\/v2\/posts\/108894\/revisions"}],"wp:featuredmedia":[{"embeddable":true,"href":"https:\/\/www.europesays.com\/se\/wp-json\/wp\/v2\/media\/108895"}],"wp:attachment":[{"href":"https:\/\/www.europesays.com\/se\/wp-json\/wp\/v2\/media?parent=108894"}],"wp:term":[{"taxonomy":"category","embeddable":true,"href":"https:\/\/www.europesays.com\/se\/wp-json\/wp\/v2\/categories?post=108894"},{"taxonomy":"post_tag","embeddable":true,"href":"https:\/\/www.europesays.com\/se\/wp-json\/wp\/v2\/tags?post=108894"}],"curies":[{"name":"wp","href":"https:\/\/api.w.org\/{rel}","templated":true}]}}