{"id":108913,"date":"2025-12-17T13:06:28","date_gmt":"2025-12-17T13:06:28","guid":{"rendered":"https:\/\/www.europesays.com\/se\/108913\/"},"modified":"2025-12-17T13:06:28","modified_gmt":"2025-12-17T13:06:28","slug":"stockholmsborsen-foll-saab-och-volvo-cars-forlorare","status":"publish","type":"post","link":"https:\/\/www.europesays.com\/se\/108913\/","title":{"rendered":"Stockholmsb\u00f6rsen f\u00f6ll \u2013 Saab och Volvo Cars f\u00f6rlorare"},"content":{"rendered":"<p class=\"font-sans text-base text-text-main dark:text-text-main-dark font-normal leading-[1.4]\">F\u00f6rsvarsaktier hade det tufft som en f\u00f6ljd av \u00f6kad optimism om Ukrainaf\u00f6rhandlingarna. Energiaktier tyngdes ocks\u00e5 av optimismen och oljan n\u00e5dde sin l\u00e4gsta niv\u00e5 p\u00e5 \u00f6ver fyra \u00e5r.<\/p>\n<p class=\"font-sans text-base text-text-main dark:text-text-main-dark font-normal leading-[1.4]\">Vid st\u00e4ngning hade OMXS30 sjunkit 0,7 procent till 2.813 efter att p\u00e5 m\u00e5ndagen ha n\u00e5tt en ny rekordniv\u00e5. Aktier f\u00f6r 20 miljarder kronor omsattes p\u00e5 Stockholmsb\u00f6rsen.<\/p>\n<p class=\"font-sans text-base text-text-main dark:text-text-main-dark font-normal leading-[1.4]\">Svagast i OMXS30 gick f\u00f6rsvarsbolaget <strong>Saab <\/strong>som sj\u00f6nk 4,8 procent. USA:s president Donald Trump sade att samtal gjort att ett fredsavtal i Ukraina \u00e4r &#8221;n\u00e4rmare \u00e4n vi n\u00e5gonsin varit&#8221;, samtidigt som europeiska tj\u00e4nstem\u00e4n framh\u00f6ll att territoriella fr\u00e5gor \u00e4r ol\u00f6sta.<\/p>\n<p class=\"font-sans text-base text-text-main dark:text-text-main-dark font-normal leading-[1.4]\"><strong>SKF<\/strong> tappade 2,1 procent efter att SEB Equities s\u00e4nkt sin rekommendation till beh\u00e5ll med en l\u00e4gre riktkurs.<\/p>\n<p class=\"font-sans text-base text-text-main dark:text-text-main-dark font-normal leading-[1.4]\">Klimatkontrollbolaget <strong>Munters <\/strong>st\u00e4rktes 2,9 procent efter att Nordea h\u00f6jt sin riktkurs med bibeh\u00e5llet k\u00f6pr\u00e5d och pekat p\u00e5 chansen till ett bud p\u00e5 bolagets datacenterinriktade verksamhet.<\/p>\n<p class=\"font-sans text-base text-text-main dark:text-text-main-dark font-normal leading-[1.4]\"><strong>Volvo Cars <\/strong>b\u00f6rjade tappa mark vid 11-tiden n\u00e4r material fr\u00e5n ett investerarsamtal publicerades p\u00e5 n\u00e4tet. Av materialet framgick att effekten av h\u00f6gre rabatter och l\u00e4gre volymer v\u00e4ntas p\u00e5verka r\u00f6relsemarginalen under fj\u00e4rde kvartalet. Aktien trendade ned\u00e5t resten av dagen och st\u00e4ngde 6,8 procent l\u00e4gre.<\/p>\n<p class=\"font-sans text-base text-text-main dark:text-text-main-dark font-normal leading-[1.4]\">I fastighetssektorn sj\u00f6nk <strong>Wallenstam<\/strong> 1 procent. Kepler Cheuvreux har slopat sitt k\u00f6pr\u00e5d med h\u00e4nvisning till att h\u00f6gre byggkostnader och l\u00e4gre invandring ger svagare efterfr\u00e5gan p\u00e5 nyproducerade bost\u00e4der.<\/p>\n<p class=\"font-sans text-base text-text-main dark:text-text-main-dark font-normal leading-[1.4]\">Bland bankerna gick <strong>Nordea <\/strong>n\u00e5got starkare \u00e4n sina konkurrenter efter beslut om ett \u00e5terk\u00f6psprogram p\u00e5 500 miljoner euro. Aktien var upp 0,6 procent. Hos <strong>SEB <\/strong>och <strong>Swedbank<\/strong> har ECB sett &#8221;betydande brister&#8221; i riskmodellerna kopplat till verksamheterna i Baltikum. SEB sj\u00f6nk 1 procent och Swedbank var ned 0,6 procent.<\/p>\n<p class=\"font-sans text-base text-text-main dark:text-text-main-dark font-normal leading-[1.4]\">Spamblockeringsf\u00f6retaget <strong>Truecaller <\/strong>rekylerade upp 2,2 procent efter m\u00e5ndagens 21-procentiga kursfall. DNB Carnegie har s\u00e4nkt sin riktkurs f\u00f6r aktien fr\u00e5n 60 till 40 kronor, dock med upprepad k\u00f6prekommendation.<\/p>\n<p class=\"font-sans text-base text-text-main dark:text-text-main-dark font-normal leading-[1.4]\"><strong>IPC <\/strong>tyngdes av det fallande oljepriset och backade 4,8 procent.<\/p>\n<p class=\"font-sans text-base text-text-main dark:text-text-main-dark font-normal leading-[1.4]\">Tisdagen var f\u00f6rsta handelsdag p\u00e5 NGM Nordic SME f\u00f6r f\u00f6rsvarsbolaget <strong>Argo Defence<\/strong>. Aktien handlades dock genast ned under teckningskursen 17 kronor och kostade vid st\u00e4ngning 15:65 kronor, 8 procent under teckningskursen.<\/p>\n","protected":false},"excerpt":{"rendered":"F\u00f6rsvarsaktier hade det tufft som en f\u00f6ljd av \u00f6kad optimism om Ukrainaf\u00f6rhandlingarna. Energiaktier tyngdes ocks\u00e5 av optimismen och&hellip;\n","protected":false},"author":2,"featured_media":108914,"comment_status":"","ping_status":"","sticky":false,"template":"","format":"standard","meta":{"footnotes":""},"categories":[65],"tags":[12042,72,70,71,12043,5863,5821,2200,34,2666,5796,1159,6137,31,33,2066,32,30,6091,5795,11521],"class_list":{"0":"post-108913","1":"post","2":"type-post","3":"status-publish","4":"format-standard","5":"has-post-thumbnail","7":"category-ekonomi","8":"tag-argo-defence-group","9":"tag-business","10":"tag-economy","11":"tag-ekonomi","12":"tag-international-petroleum","13":"tag-munters-group","14":"tag-nordea-bank","15":"tag-saab","16":"tag-se","17":"tag-seb","18":"tag-seb-c","19":"tag-skf","20":"tag-skf-a","21":"tag-svenska","22":"tag-sverige","23":"tag-swedbank","24":"tag-sweden","25":"tag-swedish","26":"tag-truecaller","27":"tag-volvo-car","28":"tag-wallenstam"},"share_on_mastodon":{"url":"https:\/\/pubeurope.com\/@se\/115735061256332350","error":""},"_links":{"self":[{"href":"https:\/\/www.europesays.com\/se\/wp-json\/wp\/v2\/posts\/108913","targetHints":{"allow":["GET"]}}],"collection":[{"href":"https:\/\/www.europesays.com\/se\/wp-json\/wp\/v2\/posts"}],"about":[{"href":"https:\/\/www.europesays.com\/se\/wp-json\/wp\/v2\/types\/post"}],"author":[{"embeddable":true,"href":"https:\/\/www.europesays.com\/se\/wp-json\/wp\/v2\/users\/2"}],"replies":[{"embeddable":true,"href":"https:\/\/www.europesays.com\/se\/wp-json\/wp\/v2\/comments?post=108913"}],"version-history":[{"count":0,"href":"https:\/\/www.europesays.com\/se\/wp-json\/wp\/v2\/posts\/108913\/revisions"}],"wp:featuredmedia":[{"embeddable":true,"href":"https:\/\/www.europesays.com\/se\/wp-json\/wp\/v2\/media\/108914"}],"wp:attachment":[{"href":"https:\/\/www.europesays.com\/se\/wp-json\/wp\/v2\/media?parent=108913"}],"wp:term":[{"taxonomy":"category","embeddable":true,"href":"https:\/\/www.europesays.com\/se\/wp-json\/wp\/v2\/categories?post=108913"},{"taxonomy":"post_tag","embeddable":true,"href":"https:\/\/www.europesays.com\/se\/wp-json\/wp\/v2\/tags?post=108913"}],"curies":[{"name":"wp","href":"https:\/\/api.w.org\/{rel}","templated":true}]}}