{"id":108942,"date":"2025-12-17T13:31:24","date_gmt":"2025-12-17T13:31:24","guid":{"rendered":"https:\/\/www.europesays.com\/se\/108942\/"},"modified":"2025-12-17T13:31:24","modified_gmt":"2025-12-17T13:31:24","slug":"lagg-av-med-brittisk-engelska","status":"publish","type":"post","link":"https:\/\/www.europesays.com\/se\/108942\/","title":{"rendered":"L\u00e4gg av med brittisk engelska"},"content":{"rendered":"<p>Kanadensiska lingvister riktar i ett \u00f6ppet brev kritik mot premi\u00e4rministern Mark Carneys spr\u00e5kbruk, rapporterar The Guardian. De tycker att Carney, tidigare chef f\u00f6r Bank of England, i f\u00f6r h\u00f6g grad anv\u00e4nder sig av brittisk stavning i officiella dokument. <\/p>\n<p>Regeringen uppmanas att \u00e5terg\u00e5 till den stavning som \u201dkonsekvent anv\u00e4nts fr\u00e5n 1970-talet till 2025\u201d. <\/p>\n<p>Omni \u00e4r politiskt obundna och oberoende. Vi str\u00e4var efter att ge fler perspektiv p\u00e5 nyheterna. Har du fr\u00e5gor eller synpunkter kring v\u00e5r rapportering? <a href=\"https:\/\/omni.se\/lingvister-till-carney-lagg-av-med-brittisk-engelska\/a\/mailto:redaktion@omni.se\" class=\"ArticleActions_contactLink__W2F1M\" rel=\"nofollow noopener\" target=\"_blank\">Kontakta redaktionen<\/a><\/p>\n","protected":false},"excerpt":{"rendered":"Kanadensiska lingvister riktar i ett \u00f6ppet brev kritik mot premi\u00e4rministern Mark Carneys spr\u00e5kbruk, rapporterar The Guardian. De tycker&hellip;\n","protected":false},"author":2,"featured_media":108943,"comment_status":"","ping_status":"","sticky":false,"template":"","format":"standard","meta":{"footnotes":""},"categories":[14],"tags":[22,23,26,27,17,21,1091,24,25,28,29,4971,15,268,16,18,34,31,33,32,30,19,20,51,52,53,54],"class_list":{"0":"post-108942","1":"post","2":"type-post","3":"status-publish","4":"format-standard","5":"has-post-thumbnail","7":"category-varlden","8":"tag-breaking-news","9":"tag-breakingnews","10":"tag-featured-news","11":"tag-featurednews","12":"tag-headlines","13":"tag-huvudnyheter","14":"tag-kanada","15":"tag-latest-news","16":"tag-latestnews","17":"tag-main-news","18":"tag-mainnews","19":"tag-mark-carney","20":"tag-news","21":"tag-nordamerika","22":"tag-nyheter","23":"tag-rubriker","24":"tag-se","25":"tag-svenska","26":"tag-sverige","27":"tag-sweden","28":"tag-swedish","29":"tag-top-stories","30":"tag-topstories","31":"tag-varlden","32":"tag-world","33":"tag-world-news","34":"tag-worldnews"},"share_on_mastodon":{"url":"https:\/\/pubeurope.com\/@se\/115735159345699003","error":""},"_links":{"self":[{"href":"https:\/\/www.europesays.com\/se\/wp-json\/wp\/v2\/posts\/108942","targetHints":{"allow":["GET"]}}],"collection":[{"href":"https:\/\/www.europesays.com\/se\/wp-json\/wp\/v2\/posts"}],"about":[{"href":"https:\/\/www.europesays.com\/se\/wp-json\/wp\/v2\/types\/post"}],"author":[{"embeddable":true,"href":"https:\/\/www.europesays.com\/se\/wp-json\/wp\/v2\/users\/2"}],"replies":[{"embeddable":true,"href":"https:\/\/www.europesays.com\/se\/wp-json\/wp\/v2\/comments?post=108942"}],"version-history":[{"count":0,"href":"https:\/\/www.europesays.com\/se\/wp-json\/wp\/v2\/posts\/108942\/revisions"}],"wp:featuredmedia":[{"embeddable":true,"href":"https:\/\/www.europesays.com\/se\/wp-json\/wp\/v2\/media\/108943"}],"wp:attachment":[{"href":"https:\/\/www.europesays.com\/se\/wp-json\/wp\/v2\/media?parent=108942"}],"wp:term":[{"taxonomy":"category","embeddable":true,"href":"https:\/\/www.europesays.com\/se\/wp-json\/wp\/v2\/categories?post=108942"},{"taxonomy":"post_tag","embeddable":true,"href":"https:\/\/www.europesays.com\/se\/wp-json\/wp\/v2\/tags?post=108942"}],"curies":[{"name":"wp","href":"https:\/\/api.w.org\/{rel}","templated":true}]}}