{"id":108960,"date":"2025-12-17T13:47:08","date_gmt":"2025-12-17T13:47:08","guid":{"rendered":"https:\/\/www.europesays.com\/se\/108960\/"},"modified":"2025-12-17T13:47:08","modified_gmt":"2025-12-17T13:47:08","slug":"ukraina-far-pengar-fran-forsaljningen-av-chelsea","status":"publish","type":"post","link":"https:\/\/www.europesays.com\/se\/108960\/","title":{"rendered":"Ukraina f\u00e5r pengar fr\u00e5n f\u00f6rs\u00e4ljningen av Chelsea"},"content":{"rendered":"<p>Storbritannien beordrar den ryske miljard\u00e4ren Roman Abramovitj att \u00f6verf\u00f6ra 2,5 miljarder pund, motsvarande \u00f6ver 30 miljarder kronor, fr\u00e5n f\u00f6rs\u00e4ljningen av Chelsea till Ukraina. Det rapporterar brittiska medier.<\/p>\n<p>\u2013 Mitt budskap till Abramovitj \u00e4r detta: Klockan tickar f\u00f6r ditt l\u00f6fte. Betala nu eller s\u00e5 ses vi i r\u00e4tten, s\u00e4ger premi\u00e4rminister Keir Starmer.<\/p>\n<p>2022, efter den ryska invasionen, fick Abramovitj till\u00e5telse av den brittiska regeringen att s\u00e4lja Premier League-klubben p\u00e5 villkor att pengarna gick till Ukraina.<\/p>\n<p>Sedan dess har pengarna varit frysta medan Abramovitj och Storbritannien k\u00f6rt fast i f\u00f6rhandlingar om huruvida pengarna ska anv\u00e4ndas uteslutande i Ukraina eller inte.<\/p>\n<p>Omni \u00e4r politiskt obundna och oberoende. Vi str\u00e4var efter att ge fler perspektiv p\u00e5 nyheterna. Har du fr\u00e5gor eller synpunkter kring v\u00e5r rapportering? <a href=\"https:\/\/omni.se\/ukraina-far-pengar-fran-forsaljningen-av-chelsea\/a\/mailto:redaktion@omni.se\" class=\"ArticleActions_contactLink__W2F1M\" rel=\"nofollow noopener\" target=\"_blank\">Kontakta redaktionen<\/a><\/p>\n","protected":false},"excerpt":{"rendered":"Storbritannien beordrar den ryske miljard\u00e4ren Roman Abramovitj att \u00f6verf\u00f6ra 2,5 miljarder pund, motsvarande \u00f6ver 30 miljarder kronor, fr\u00e5n&hellip;\n","protected":false},"author":2,"featured_media":108961,"comment_status":"","ping_status":"","sticky":false,"template":"","format":"standard","meta":{"footnotes":""},"categories":[14],"tags":[22,23,267,26,27,17,21,259,24,25,28,29,15,16,12114,18,269,264,34,593,31,33,32,30,19,20,263,51,52,53,54],"class_list":{"0":"post-108960","1":"post","2":"type-post","3":"status-publish","4":"format-standard","5":"has-post-thumbnail","7":"category-varlden","8":"tag-breaking-news","9":"tag-breakingnews","10":"tag-europa","11":"tag-featured-news","12":"tag-featurednews","13":"tag-headlines","14":"tag-huvudnyheter","15":"tag-keir-starmer","16":"tag-latest-news","17":"tag-latestnews","18":"tag-main-news","19":"tag-mainnews","20":"tag-news","21":"tag-nyheter","22":"tag-roman-abramovitj","23":"tag-rubriker","24":"tag-ryska-invasionen","25":"tag-ryssland","26":"tag-se","27":"tag-storbritannien","28":"tag-svenska","29":"tag-sverige","30":"tag-sweden","31":"tag-swedish","32":"tag-top-stories","33":"tag-topstories","34":"tag-ukraina","35":"tag-varlden","36":"tag-world","37":"tag-world-news","38":"tag-worldnews"},"share_on_mastodon":{"url":"https:\/\/pubeurope.com\/@se\/115735222365277508","error":""},"_links":{"self":[{"href":"https:\/\/www.europesays.com\/se\/wp-json\/wp\/v2\/posts\/108960","targetHints":{"allow":["GET"]}}],"collection":[{"href":"https:\/\/www.europesays.com\/se\/wp-json\/wp\/v2\/posts"}],"about":[{"href":"https:\/\/www.europesays.com\/se\/wp-json\/wp\/v2\/types\/post"}],"author":[{"embeddable":true,"href":"https:\/\/www.europesays.com\/se\/wp-json\/wp\/v2\/users\/2"}],"replies":[{"embeddable":true,"href":"https:\/\/www.europesays.com\/se\/wp-json\/wp\/v2\/comments?post=108960"}],"version-history":[{"count":0,"href":"https:\/\/www.europesays.com\/se\/wp-json\/wp\/v2\/posts\/108960\/revisions"}],"wp:featuredmedia":[{"embeddable":true,"href":"https:\/\/www.europesays.com\/se\/wp-json\/wp\/v2\/media\/108961"}],"wp:attachment":[{"href":"https:\/\/www.europesays.com\/se\/wp-json\/wp\/v2\/media?parent=108960"}],"wp:term":[{"taxonomy":"category","embeddable":true,"href":"https:\/\/www.europesays.com\/se\/wp-json\/wp\/v2\/categories?post=108960"},{"taxonomy":"post_tag","embeddable":true,"href":"https:\/\/www.europesays.com\/se\/wp-json\/wp\/v2\/tags?post=108960"}],"curies":[{"name":"wp","href":"https:\/\/api.w.org\/{rel}","templated":true}]}}