{"id":108998,"date":"2025-12-17T14:16:11","date_gmt":"2025-12-17T14:16:11","guid":{"rendered":"https:\/\/www.europesays.com\/se\/108998\/"},"modified":"2025-12-17T14:16:11","modified_gmt":"2025-12-17T14:16:11","slug":"alexandra-hyllas-for-sitt-mod","status":"publish","type":"post","link":"https:\/\/www.europesays.com\/se\/108998\/","title":{"rendered":"Alexandra hyllas f\u00f6r sitt mod"},"content":{"rendered":"<p><strong>Alexandra Pascalidou f\u00e5r \u00e5rets BRA-pris av <a href=\"https:\/\/fredrikabremer.se\/\" rel=\"nofollow noopener\" target=\"_blank\">Fredrika Bremer-f\u00f6rbundet<\/a>. \u201dJag \u00e4r r\u00f6rd och tacksam. Det k\u00e4nns b\u00e5de stort och f\u00f6rpliktigande att f\u00e5 ett pris i <a href=\"https:\/\/fredrikabremer.se\/om-oss\/vem-var-fredrika-bremer\/\" rel=\"nofollow noopener\" target=\"_blank\">Fredrika Bremer<\/a>s namn. Hon som skrev sig fri och samtidigt skrev oss alla n\u00e4rmare friheten\u201d, skriver Alexandra Pascalidou p\u00e5 sociala medier.<\/strong><\/p>\n<p>I motiveringen st\u00e5r det: \u201dAlexandra Pascalidou \u00e4r en modig och uth\u00e5llig r\u00f6st f\u00f6r kvinnors r\u00e4ttigheter och j\u00e4mst\u00e4lldhet. Som f\u00f6rfattare, journalist, f\u00f6rel\u00e4sare och kr\u00f6nik\u00f6r har hon i decennier lyft fram kvinnors ber\u00e4ttelser, erfarenheter och kamp. Ofta de r\u00f6ster som alltf\u00f6r s\u00e4llan h\u00f6rs. Med sin penna och sin r\u00f6st har hon belyst allt fr\u00e5n kvinnors h\u00e4lsa och psykiska v\u00e4lbefinnande till de socioekonomiska villkor som formar kvinnors liv.\u201d<\/p>\n<p>BRA-priset \u00e4r ett j\u00e4mst\u00e4lldhetspris som har delats ut \u00e5rligen sedan 1982 av Fredrika Bremer-f\u00f6rbundet. Nomineringar till priset sker av f\u00f6rbundets medlemmar inf\u00f6r \u00e5rsm\u00f6tet d\u00e4r beslut fattas om \u00e5rets vinnare. Priset vill synligg\u00f6ra och hylla personer som p\u00e5 ett innovativt s\u00e4tt st\u00e4rkt utvecklingen av j\u00e4mst\u00e4lldhet och flyttat fram positionerna f\u00f6r m\u00e4nskliga r\u00e4ttigheter i allm\u00e4nhet i Fredrika Bremer-f\u00f6rbundets anda.\u00a0<\/p>\n<p>Annons:<a class=\"gofollow\" data-track=\"NDAxLDEsNjA=\" href=\"https:\/\/meetingspublic.stockholm.se\/committees\/jarva-stadsdelsnamnd\" rel=\"nofollow noopener\" target=\"_blank\"><img decoding=\"async\" src=\"https:\/\/www.europesays.com\/se\/wp-content\/uploads\/2025\/12\/SthlmStad-116181-251212-18-NyhetsbyranJarva.png\"\/><\/a><\/p>\n<p>\u201dJag tar emot detta pris i min mormors och min mammas och i alla kvinnors namn som k\u00e4mpat i motvind, ofta i det tysta, men alltid med v\u00e4rdighet\u201d, skriver Alexandra Pascalidou.\n<\/p>\n<p>                    <a href=\"#\" rel=\"nofollow\" onclick=\"window.print(); return false;\" title=\"Printer Friendly, PDF &amp; Email\"><br \/>\n                    <img decoding=\"async\" class=\"pf-button-img\" src=\"https:\/\/www.europesays.com\/se\/wp-content\/uploads\/2025\/08\/printfriendly-pdf-button-nobg-md.png\" alt=\"Print Friendly, PDF &amp; Email\" style=\"width: 124px;height: 30px;\"\/><br \/>\n                    <\/a><\/p>\n","protected":false},"excerpt":{"rendered":"Alexandra Pascalidou f\u00e5r \u00e5rets BRA-pris av Fredrika Bremer-f\u00f6rbundet. \u201dJag \u00e4r r\u00f6rd och tacksam. Det k\u00e4nns b\u00e5de stort och&hellip;\n","protected":false},"author":2,"featured_media":108999,"comment_status":"","ping_status":"","sticky":false,"template":"","format":"standard","meta":{"footnotes":""},"categories":[67],"tags":[11882,12115,104,12116,1429,6741,34,31,33,32,30,1432,105],"class_list":{"0":"post-108998","1":"post","2":"type-post","3":"status-publish","4":"format-standard","5":"has-post-thumbnail","7":"category-underhallning","8":"tag-alexandra-pascalidou","9":"tag-bra-priset","10":"tag-entertainment","11":"tag-fredrika-bremerforbundet","12":"tag-jarva","13":"tag-rinkeby","14":"tag-se","15":"tag-svenska","16":"tag-sverige","17":"tag-sweden","18":"tag-swedish","19":"tag-topp","20":"tag-underhallning"},"share_on_mastodon":{"url":"https:\/\/pubeurope.com\/@se\/115735336487648383","error":""},"_links":{"self":[{"href":"https:\/\/www.europesays.com\/se\/wp-json\/wp\/v2\/posts\/108998","targetHints":{"allow":["GET"]}}],"collection":[{"href":"https:\/\/www.europesays.com\/se\/wp-json\/wp\/v2\/posts"}],"about":[{"href":"https:\/\/www.europesays.com\/se\/wp-json\/wp\/v2\/types\/post"}],"author":[{"embeddable":true,"href":"https:\/\/www.europesays.com\/se\/wp-json\/wp\/v2\/users\/2"}],"replies":[{"embeddable":true,"href":"https:\/\/www.europesays.com\/se\/wp-json\/wp\/v2\/comments?post=108998"}],"version-history":[{"count":0,"href":"https:\/\/www.europesays.com\/se\/wp-json\/wp\/v2\/posts\/108998\/revisions"}],"wp:featuredmedia":[{"embeddable":true,"href":"https:\/\/www.europesays.com\/se\/wp-json\/wp\/v2\/media\/108999"}],"wp:attachment":[{"href":"https:\/\/www.europesays.com\/se\/wp-json\/wp\/v2\/media?parent=108998"}],"wp:term":[{"taxonomy":"category","embeddable":true,"href":"https:\/\/www.europesays.com\/se\/wp-json\/wp\/v2\/categories?post=108998"},{"taxonomy":"post_tag","embeddable":true,"href":"https:\/\/www.europesays.com\/se\/wp-json\/wp\/v2\/tags?post=108998"}],"curies":[{"name":"wp","href":"https:\/\/api.w.org\/{rel}","templated":true}]}}