{"id":109023,"date":"2025-12-17T14:35:08","date_gmt":"2025-12-17T14:35:08","guid":{"rendered":"https:\/\/www.europesays.com\/se\/109023\/"},"modified":"2025-12-17T14:35:08","modified_gmt":"2025-12-17T14:35:08","slug":"manga-skadade-i-rysk-attack-mot-zaporizjzja-2","status":"publish","type":"post","link":"https:\/\/www.europesays.com\/se\/109023\/","title":{"rendered":"M\u00e5nga skadade i rysk attack mot Zaporizjzja"},"content":{"rendered":"<p>Publicerad 17 dec 2025 kl 13.53Uppdaterad kl 14.04<\/p>\n<p>Minst 26 m\u00e4nniskor uppges ha skadats i en rysk luftattack mot centrala Zaporizjzja. Bland annat har ett flera v\u00e5ningar h\u00f6gt bostadshus tr\u00e4ffats.<\/p>\n<p>Senaste nyhetsklippen fr\u00e5n Expressen.<\/p>\n<p>Svart r\u00f6d stiger fr\u00e5n byggnaden d\u00e4r brandm\u00e4n bek\u00e4mpar l\u00e5gor, rapporterar en AFP-reporter i staden.\u00a0<\/p>\n<p>\u201dRyssarna har avfyrat flygbomber som har f\u00f6rst\u00f6rt bost\u00e4der och skadat en infrastrukturanl\u00e4ggning och en utbildningsinstitution\u201d, meddelar Ivan Fedorov, chef f\u00f6r milit\u00e4rstyret i <a href=\"https:\/\/www.expressen.se\/tagg\/location\/zaporizjzja\/\" class=\"\" rel=\"nofollow noopener\" target=\"_blank\">Zaporizjzja<\/a>.\u00a0<\/p>\n<p>Parallellt uttrycker sig anfallsmakten Rysslands president Vladimir Putin segervisst.\u00a0<\/p>\n<p>\u2013 Den s\u00e4rskilda milit\u00e4roperationens m\u00e5l kommer med s\u00e4kerhet att uppn\u00e5s, s\u00e4ger Putin vid ett m\u00f6te p\u00e5 f\u00f6rsvarsdepartementet i Moskva d\u00e4r han anv\u00e4nder Kremls namn p\u00e5 Rysslands offensiv som snart p\u00e5g\u00e5tt i fyra \u00e5r.<\/p>\n<p>F\u00f6rhandlingar om fredsavtal<\/p>\n<p>Under h\u00f6sten har fr\u00e4mst USA lett intensiva f\u00f6rhandlingar f\u00f6r att f\u00e5 till ett fredsavtal mellan Ryssland och Ukraina. Den kanske viktigaste kn\u00e4ckfr\u00e5gan r\u00f6r territorier, d\u00e4r Moskva vill att Kiev ska avst\u00e5 hela Donbass (regionerna Donetsk och Luhansk), inklusive omr\u00e5den som Ryssland inte intagit, f\u00f6r att skapa en demilitariserad \u201dfri ekonomisk zon\u201d.<\/p>\n<p>Putin s\u00e4ger att han f\u00f6redrar en diplomatisk l\u00f6sning men lovar inta omr\u00e5det milit\u00e4rt om \u201dfaktiska diskussioner\u201d uteblir.\u00a0<\/p>\n","protected":false},"excerpt":{"rendered":"Publicerad 17 dec 2025 kl 13.53Uppdaterad kl 14.04 Minst 26 m\u00e4nniskor uppges ha skadats i en rysk luftattack&hellip;\n","protected":false},"author":2,"featured_media":319,"comment_status":"","ping_status":"","sticky":false,"template":"","format":"standard","meta":{"footnotes":""},"categories":[14],"tags":[22,23,26,27,17,21,24,25,2340,28,29,15,16,203,18,34,55,31,33,32,30,19,60,20,51,52,53,54],"class_list":{"0":"post-109023","1":"post","2":"type-post","3":"status-publish","4":"format-standard","5":"has-post-thumbnail","7":"category-varlden","8":"tag-breaking-news","9":"tag-breakingnews","10":"tag-featured-news","11":"tag-featurednews","12":"tag-headlines","13":"tag-huvudnyheter","14":"tag-latest-news","15":"tag-latestnews","16":"tag-location-zaporizjzja","17":"tag-main-news","18":"tag-mainnews","19":"tag-news","20":"tag-nyheter","21":"tag-person-vladimir-putin","22":"tag-rubriker","23":"tag-se","24":"tag-sections-varlden","25":"tag-svenska","26":"tag-sverige","27":"tag-sweden","28":"tag-swedish","29":"tag-top-stories","30":"tag-topic-krig-konflikt","31":"tag-topstories","32":"tag-varlden","33":"tag-world","34":"tag-world-news","35":"tag-worldnews"},"share_on_mastodon":{"url":"https:\/\/pubeurope.com\/@se\/115735411122751473","error":""},"_links":{"self":[{"href":"https:\/\/www.europesays.com\/se\/wp-json\/wp\/v2\/posts\/109023","targetHints":{"allow":["GET"]}}],"collection":[{"href":"https:\/\/www.europesays.com\/se\/wp-json\/wp\/v2\/posts"}],"about":[{"href":"https:\/\/www.europesays.com\/se\/wp-json\/wp\/v2\/types\/post"}],"author":[{"embeddable":true,"href":"https:\/\/www.europesays.com\/se\/wp-json\/wp\/v2\/users\/2"}],"replies":[{"embeddable":true,"href":"https:\/\/www.europesays.com\/se\/wp-json\/wp\/v2\/comments?post=109023"}],"version-history":[{"count":0,"href":"https:\/\/www.europesays.com\/se\/wp-json\/wp\/v2\/posts\/109023\/revisions"}],"wp:featuredmedia":[{"embeddable":true,"href":"https:\/\/www.europesays.com\/se\/wp-json\/wp\/v2\/media\/319"}],"wp:attachment":[{"href":"https:\/\/www.europesays.com\/se\/wp-json\/wp\/v2\/media?parent=109023"}],"wp:term":[{"taxonomy":"category","embeddable":true,"href":"https:\/\/www.europesays.com\/se\/wp-json\/wp\/v2\/categories?post=109023"},{"taxonomy":"post_tag","embeddable":true,"href":"https:\/\/www.europesays.com\/se\/wp-json\/wp\/v2\/tags?post=109023"}],"curies":[{"name":"wp","href":"https:\/\/api.w.org\/{rel}","templated":true}]}}