{"id":109034,"date":"2025-12-17T14:44:08","date_gmt":"2025-12-17T14:44:08","guid":{"rendered":"https:\/\/www.europesays.com\/se\/109034\/"},"modified":"2025-12-17T14:44:08","modified_gmt":"2025-12-17T14:44:08","slug":"statssekreterare-i-dialog-med-kulturella-och-kreativa-branscher","status":"publish","type":"post","link":"https:\/\/www.europesays.com\/se\/109034\/","title":{"rendered":"Statssekreterare i dialog med kulturella och kreativa branscher"},"content":{"rendered":"<p>Statssekreterarna Karin Svanborg-Sj\u00f6vall (Kulturdepartementet), Diana Janse (Utrikesdepartementet) och Sara Modig (Klimat- och n\u00e4ringslivsdepartementet) inledde m\u00f6tet med varsitt anf\u00f6rande utifr\u00e5n sina respektive ansvarsomr\u00e5den.<\/p>\n<p>Under m\u00f6tet diskuterades hur svenska kulturella och kreativa branscher kan st\u00e4rka sin exportf\u00f6rm\u00e5ga. En fr\u00e5ga var ocks\u00e5 hur myndigheter och branscherna jobbar tillsammans och vilka roller de olika akt\u00f6rerna b\u00f6r ha. Inbjudna myndigheter reflekterade \u00f6ver inspelen och hur de kan bidra till att m\u00f6ta branschens behov.<\/p>\n<p>\u2013 Ett m\u00e5l i regeringens strategi f\u00f6r f\u00f6retag i kulturella och kreativa branscher \u00e4r att dessa branscher ska f\u00e5 ett stort och v\u00e4xande internationellt genomslag. De \u00e4r viktiga f\u00f6r ett m\u00e5ngsidigt och levande kulturliv i hela landet och f\u00f6r att fr\u00e4mja en positiv bild av Sverige utomland. De utg\u00f6r ocks\u00e5 en stark drivkraft f\u00f6r v\u00e5r ekonomi och Sveriges internationella konkurrenskraft. Den offentliga och privata sektorn har olika ansvar och verktyg, och n\u00e4r vi arbetar tillsammans kan vi skapa b\u00e4ttre villkor f\u00f6r branschen som helhet, s\u00e4ger Karin Svanborg-Sj\u00f6vall, statssekreterare hos kulturminister Parisa Liljestrand.<\/p>\n<p>\u2013 De kulturella och kreativa branscherna har en enorm kommersiell potential. Genom att st\u00f6tta dem att n\u00e5 internationella marknader kan vi b\u00e5de \u00f6ka exporten och sprida bilden av Sverige som ett land pr\u00e4glat av kreativitet och innovation, s\u00e4ger Diana Janse, statssekreterare hos bist\u00e5nds- och utrikeshandelsminister Benjamin Dousa.<\/p>\n<p>\u2013 Det ska vara enkelt att starta, driva och utveckla f\u00f6retag i de kulturella och kreativa branscherna. Regeringen driver en offensiv f\u00f6renklingsagenda f\u00f6r att f\u00f6retag och entrepren\u00f6rer ska kunna fokusera p\u00e5 sina k\u00e4rnverksamheter och d\u00e4rmed st\u00e4rka den svenska konkurrenskraften. Kr\u00e5ngliga regler kommer alltid upp i samtal med f\u00f6retag och s\u00e5 \u00e4ven idag. Jag har f\u00e5tt med mig flera v\u00e4rdefulla insikter och f\u00f6rslag som jag tar med mig i det fortsatta arbetet, s\u00e4ger Sara Modig, statssekreterare hos energi- och n\u00e4ringsminister Ebba Busch. \u00a0<\/p>\n<p>Deltagarna fick \u00e4ven h\u00f6ra om modem\u00e4rket Oscar Jacobsons exportresa och Svenska Institutet och Film &amp; TV-Producenterna ber\u00e4ttade om vikten av hur en marknadsplats, b\u00e5de i Sverige och internationellt, \u00e4r avg\u00f6rande f\u00f6r export.<\/p>\n","protected":false},"excerpt":{"rendered":"Statssekreterarna Karin Svanborg-Sj\u00f6vall (Kulturdepartementet), Diana Janse (Utrikesdepartementet) och Sara Modig (Klimat- och n\u00e4ringslivsdepartementet) inledde m\u00f6tet med varsitt anf\u00f6rande&hellip;\n","protected":false},"author":2,"featured_media":109035,"comment_status":"","ping_status":"","sticky":false,"template":"","format":"standard","meta":{"footnotes":""},"categories":[12],"tags":[22,23,26,27,17,21,24,25,28,29,15,16,18,34,31,33,32,30,19,20],"class_list":{"0":"post-109034","1":"post","2":"type-post","3":"status-publish","4":"format-standard","5":"has-post-thumbnail","7":"category-sverige","8":"tag-breaking-news","9":"tag-breakingnews","10":"tag-featured-news","11":"tag-featurednews","12":"tag-headlines","13":"tag-huvudnyheter","14":"tag-latest-news","15":"tag-latestnews","16":"tag-main-news","17":"tag-mainnews","18":"tag-news","19":"tag-nyheter","20":"tag-rubriker","21":"tag-se","22":"tag-svenska","23":"tag-sverige","24":"tag-sweden","25":"tag-swedish","26":"tag-top-stories","27":"tag-topstories"},"share_on_mastodon":{"url":"https:\/\/pubeurope.com\/@se\/115735446455076929","error":""},"_links":{"self":[{"href":"https:\/\/www.europesays.com\/se\/wp-json\/wp\/v2\/posts\/109034","targetHints":{"allow":["GET"]}}],"collection":[{"href":"https:\/\/www.europesays.com\/se\/wp-json\/wp\/v2\/posts"}],"about":[{"href":"https:\/\/www.europesays.com\/se\/wp-json\/wp\/v2\/types\/post"}],"author":[{"embeddable":true,"href":"https:\/\/www.europesays.com\/se\/wp-json\/wp\/v2\/users\/2"}],"replies":[{"embeddable":true,"href":"https:\/\/www.europesays.com\/se\/wp-json\/wp\/v2\/comments?post=109034"}],"version-history":[{"count":0,"href":"https:\/\/www.europesays.com\/se\/wp-json\/wp\/v2\/posts\/109034\/revisions"}],"wp:featuredmedia":[{"embeddable":true,"href":"https:\/\/www.europesays.com\/se\/wp-json\/wp\/v2\/media\/109035"}],"wp:attachment":[{"href":"https:\/\/www.europesays.com\/se\/wp-json\/wp\/v2\/media?parent=109034"}],"wp:term":[{"taxonomy":"category","embeddable":true,"href":"https:\/\/www.europesays.com\/se\/wp-json\/wp\/v2\/categories?post=109034"},{"taxonomy":"post_tag","embeddable":true,"href":"https:\/\/www.europesays.com\/se\/wp-json\/wp\/v2\/tags?post=109034"}],"curies":[{"name":"wp","href":"https:\/\/api.w.org\/{rel}","templated":true}]}}