{"id":109036,"date":"2025-12-17T14:45:34","date_gmt":"2025-12-17T14:45:34","guid":{"rendered":"https:\/\/www.europesays.com\/se\/109036\/"},"modified":"2025-12-17T14:45:34","modified_gmt":"2025-12-17T14:45:34","slug":"efter-debatten-sd-i-jokkmokk-avvecklas","status":"publish","type":"post","link":"https:\/\/www.europesays.com\/se\/109036\/","title":{"rendered":"Efter debatten \u2013 SD i Jokkmokk avvecklas"},"content":{"rendered":"<p>share-arrowDela<\/p>\n<p>unsaveSpara<\/p>\n<p>expand-left<\/p>\n<p>helsk\u00e4rm<img decoding=\"async\" class=\"image-asset hyperion-css-u06ts1\" data-test-tag=\"image-asset\" src=\"https:\/\/www.europesays.com\/se\/wp-content\/uploads\/2025\/12\/a7a9689f-aaf5-4e7b-a5c4-933bd273290e\"  alt=\"Sverigedemokraterna i Jokkmokks kommun avvecklas efter debatten om \u00e5tervandring. Arkivbild.\"  loading=\"eager\" fetchpriority=\"high\" style=\"aspect-ratio:1900 \/ 1267\"\/>Sverigedemokraterna i Jokkmokks kommun avvecklas efter debatten om \u00e5tervandring. Arkivbild. Foto: Paul Wennerholm\/TT<\/p>\n<p class=\"hyperion-css-1shl3oz\" data-test-tag=\"lead-text\">Jokkmokks kommuns beslut att tacka nej till att hj\u00e4lpa regeringen att \u00f6ka \u00e5tervandringen fick stor uppm\u00e4rksamhet \u2013 och kritik fr\u00e5n Sverigedemokraterna nationellt. Nu avvecklas SD i Jokkmokk.<\/p>\n<p class=\"hyperion-css-1shl3oz\" data-test-tag=\"lead-text\">\u2013 Det g\u00e5r inte att f\u00f6retr\u00e4da partiet n\u00e4r de h\u00e4r utspelen kommer mot oss, s\u00e4ger partiets f\u00f6re detta vice ordf\u00f6rande Mats Tikka, till SVT Norrbotten.<\/p>\n<p class=\"hyperion-css-1v9qo5x\">\u201dTack, men nej tack\u201d, svarade Jokkmokks kommun n\u00e4r regeringens nationella samordnare f\u00f6r arbetet med frivillig \u00e5tervandring, Teresa Zetterblad, tidigare i h\u00f6stas ville boka ett m\u00f6te f\u00f6r samarbete om \u00e5tervandring. Jokkmokk beh\u00f6ver sina inv\u00e5nare och regeringens politik \u00e4r osvensk, stod det vidare.<\/p>\n<p class=\"hyperion-css-1v9qo5x\">Svaret blev viralt och en rad kommuner f\u00f6ljde i Jokkmokks sp\u00e5r. Det fick Ludvig Aspling, migrationspolitisk talesperson f\u00f6r SD, att rikta stark kritik mot kommunen.<\/p>\n<p class=\"hyperion-css-1v9qo5x\">\u201dJokkmokk \u00e4r totalt beroende av st\u00f6d fr\u00e5n staten. Varf\u00f6r ska staten hj\u00e4lpa en kommun som uppenbarligen inte vill ha n\u00e5got samarbete? Dessutom baserat p\u00e5 ren okunskap om vem bidraget \u00e4r till f\u00f6r. Syftet \u00e4r att ordna en v\u00e4g hem f\u00f6r invandrare som specifikt INTE \u00e4r med och bidrar\u201d, skrev han p\u00e5 X.<\/p>\n<p class=\"hyperion-css-1v9qo5x\">Utspelet fick i sin tur Jokkmokkborna att v\u00e4nda sig emot de lokala f\u00f6retr\u00e4darna f\u00f6r SD, och partiets avdelning i Jokkmokk avvecklas nu.<\/p>\n<p class=\"hyperion-css-1v9qo5x\">\u2013 Det kommer inte finnas n\u00e5gra som r\u00f6star p\u00e5 <a data-test-tag=\"internal-link\" href=\"https:\/\/www.aftonbladet.se\/tagg\/sverigedemokraterna\" class=\"hyperion-css-15jkft9\" rel=\"nofollow noopener\" target=\"\" aria-label=\"Sverigedemokraterna\">Sverigedemokraterna<\/a> i Jokkmokk efter det h\u00e4r, s\u00e4ger Mats Tikka till SVT.<\/p>\n","protected":false},"excerpt":{"rendered":"share-arrowDela unsaveSpara expand-left helsk\u00e4rmSverigedemokraterna i Jokkmokks kommun avvecklas efter debatten om \u00e5tervandring. Arkivbild. Foto: Paul Wennerholm\/TT Jokkmokks kommuns&hellip;\n","protected":false},"author":2,"featured_media":109037,"comment_status":"","ping_status":"","sticky":false,"template":"","format":"standard","meta":{"footnotes":""},"categories":[5],"tags":[22,23,26,27,17,21,24,25,28,29,15,16,18,34,31,33,32,30,19,20],"class_list":{"0":"post-109036","1":"post","2":"type-post","3":"status-publish","4":"format-standard","5":"has-post-thumbnail","7":"category-rubriker","8":"tag-breaking-news","9":"tag-breakingnews","10":"tag-featured-news","11":"tag-featurednews","12":"tag-headlines","13":"tag-huvudnyheter","14":"tag-latest-news","15":"tag-latestnews","16":"tag-main-news","17":"tag-mainnews","18":"tag-news","19":"tag-nyheter","20":"tag-rubriker","21":"tag-se","22":"tag-svenska","23":"tag-sverige","24":"tag-sweden","25":"tag-swedish","26":"tag-top-stories","27":"tag-topstories"},"share_on_mastodon":{"url":"https:\/\/pubeurope.com\/@se\/115735450573362005","error":""},"_links":{"self":[{"href":"https:\/\/www.europesays.com\/se\/wp-json\/wp\/v2\/posts\/109036","targetHints":{"allow":["GET"]}}],"collection":[{"href":"https:\/\/www.europesays.com\/se\/wp-json\/wp\/v2\/posts"}],"about":[{"href":"https:\/\/www.europesays.com\/se\/wp-json\/wp\/v2\/types\/post"}],"author":[{"embeddable":true,"href":"https:\/\/www.europesays.com\/se\/wp-json\/wp\/v2\/users\/2"}],"replies":[{"embeddable":true,"href":"https:\/\/www.europesays.com\/se\/wp-json\/wp\/v2\/comments?post=109036"}],"version-history":[{"count":0,"href":"https:\/\/www.europesays.com\/se\/wp-json\/wp\/v2\/posts\/109036\/revisions"}],"wp:featuredmedia":[{"embeddable":true,"href":"https:\/\/www.europesays.com\/se\/wp-json\/wp\/v2\/media\/109037"}],"wp:attachment":[{"href":"https:\/\/www.europesays.com\/se\/wp-json\/wp\/v2\/media?parent=109036"}],"wp:term":[{"taxonomy":"category","embeddable":true,"href":"https:\/\/www.europesays.com\/se\/wp-json\/wp\/v2\/categories?post=109036"},{"taxonomy":"post_tag","embeddable":true,"href":"https:\/\/www.europesays.com\/se\/wp-json\/wp\/v2\/tags?post=109036"}],"curies":[{"name":"wp","href":"https:\/\/api.w.org\/{rel}","templated":true}]}}