{"id":109047,"date":"2025-12-17T14:54:15","date_gmt":"2025-12-17T14:54:15","guid":{"rendered":"https:\/\/www.europesays.com\/se\/109047\/"},"modified":"2025-12-17T14:54:15","modified_gmt":"2025-12-17T14:54:15","slug":"orpo-ber-kina-japan-och-sydkorea-om-ursakt-direkt-via-finska-ambassader-inrikes","status":"publish","type":"post","link":"https:\/\/www.europesays.com\/se\/109047\/","title":{"rendered":"Orpo ber Kina, Japan och Sydkorea om urs\u00e4kt direkt via finska ambassader | Inrikes"},"content":{"rendered":"<p class=\"aw-1gybjub aw-5vja16 kEtdKx kmuxyA yle__article__paragraph\">Statsminister Petteri Orpo har bett om urs\u00e4kt via Finlands ambassad i Kina, Japan och Sydkorea med anledning av Juho Eerolas och Kaisa Garedews inl\u00e4gg p\u00e5 sociala medier.<\/p>\n<p><img decoding=\"async\" alt=\"En man st\u00e5r framf\u00f6r flera kameror som syns i f\u00f6rgrunden. Mannen b\u00e4r kostym och har glas\u00f6gon.\" src=\"https:\/\/www.europesays.com\/se\/wp-content\/uploads\/2025\/12\/39-1570919694172af0a5be.jpeg\" class=\"aw-1l9m598 hKVVvP\"\/><\/p>\n<p>\u00d6ppna bildvisare<\/p>\n<p>Petteri Orpo riktar sin urs\u00e4kt till Kina, Japan och Sydkorea via Finlands ambassader. Bild: Henrietta Hassinen \/ YleLyssna (du h\u00f6r en artificiell r\u00f6st) 1:51<\/p>\n<p class=\"aw-1gybjub aw-1p7kakr kEtdKx cEmitX yle__article__paragraph\"><strong class=\"aw-ak79eh KyCXm yle__article__strong\">Petteri Orpo<\/strong> (Saml) ber om urs\u00e4kt som riktas direkt till medborgare i Kina, Japan och Sydkorea, med anledning av skandalen kring de sannfinl\u00e4ndska riksdagsledam\u00f6terna <strong class=\"aw-ak79eh KyCXm yle__article__strong\">Juho Eerolas<\/strong> och <strong class=\"aw-ak79eh KyCXm yle__article__strong\">Kaisa Garedews<\/strong> \u00e5sikter.<\/p>\n<p class=\"aw-1gybjub aw-1p7kakr kEtdKx cEmitX yle__article__paragraph\">Budskapet, som b\u00e5de Iltalehti och STT citerar, \u00e4r att Orpo uttrycker en \u201duppriktig urs\u00e4kt\u201d \u00f6ver ledam\u00f6ternas uppdateringar p\u00e5 sociala medier och beskriver dem som rasistiska.<\/p>\n<p class=\"aw-1gybjub aw-1p7kakr kEtdKx cEmitX yle__article__paragraph\">Urs\u00e4ktsmeddelandet har publicerats p\u00e5 Finlands ambassaders kanaler i sociala medier i Kina, Japan och Sydkorea.<\/p>\n<p class=\"aw-1gybjub aw-1p7kakr kEtdKx cEmitX yle__article__paragraph\">\u201dDessa uttalanden st\u00e5r i fullst\u00e4ndig konflikt med den finska regeringens v\u00e4rderingar om j\u00e4mst\u00e4lldhet och inkludering. Rasism och diskriminering har ingen plats i det finska samh\u00e4llet\u201d, konstateras i meddelandet.<\/p>\n<p class=\"aw-1gybjub aw-1p7kakr kEtdKx cEmitX yle__article__paragraph\">\u201dFinlands regering vill f\u00f6rmedla till alla v\u00e5ra v\u00e4nner b\u00e5de i Finland och utomlands att vi f\u00f6rh\u00e5ller oss allvarligt till rasism och har beslutat att bek\u00e4mpa den\u201d, skriver Orpo.<\/p>\n<p class=\"aw-1gybjub aw-1p7kakr kEtdKx cEmitX yle__article__paragraph\">I meddelandet s\u00e4ger Orpo ocks\u00e5 att alla regeringspartier har f\u00f6rd\u00f6mt de \u201dkr\u00e4nkande och ol\u00e4mpliga handlingarna\u201d.<\/p>\n<p class=\"aw-1gybjub aw-1p7kakr kEtdKx cEmitX yle__article__paragraph\">De sannfinl\u00e4ndska riksdagsledam\u00f6terna Juho Eerola och Kaisa Garedew publicerade bilder i sociala medier d\u00e4r de drog \u00f6gonen snett. Enligt dem sj\u00e4lva ville de p\u00e5 s\u00e5 s\u00e4tt visa sitt st\u00f6d f\u00f6r <strong class=\"aw-ak79eh KyCXm yle__article__strong\">Sarah Dzafc<\/strong>, som mist sin Miss Finland-titel och som ocks\u00e5 hade dragit \u00f6gonen snett i en bild i sociala medier.<\/p>\n<p class=\"aw-1gybjub aw-1p7kakr kEtdKx cEmitX yle__article__paragraph\">Fr\u00e5n statsministerns kansli uppges att den offentliga diskussionen om saken i dessa tre l\u00e4nder har varit s\u00e5 omfattande att statsministern ans\u00e5g det n\u00f6dv\u00e4ndigt att framh\u00e5lla att riksdagsledam\u00f6ternas beteende inte representerar Finlands linje.<\/p>\n<p class=\"aw-1gybjub aw-1p7kakr kEtdKx cEmitX yle__article__paragraph\">Artikeln uppdateras.<\/p>\n","protected":false},"excerpt":{"rendered":"Statsminister Petteri Orpo har bett om urs\u00e4kt via Finlands ambassad i Kina, Japan och Sydkorea med anledning av&hellip;\n","protected":false},"author":2,"featured_media":109048,"comment_status":"","ping_status":"","sticky":false,"template":"","format":"standard","meta":{"footnotes":""},"categories":[5],"tags":[22,23,26,27,684,17,21,683,1742,2865,11758,24,25,28,29,15,16,4968,369,3778,18,11757,34,12117,31,33,32,30,19,20],"class_list":{"0":"post-109047","1":"post","2":"type-post","3":"status-publish","4":"format-standard","5":"has-post-thumbnail","7":"category-rubriker","8":"tag-breaking-news","9":"tag-breakingnews","10":"tag-featured-news","11":"tag-featurednews","12":"tag-finland","13":"tag-headlines","14":"tag-huvudnyheter","15":"tag-inrikes","16":"tag-internationell-politik","17":"tag-japan","18":"tag-juho-eerola","19":"tag-latest-news","20":"tag-latestnews","21":"tag-main-news","22":"tag-mainnews","23":"tag-news","24":"tag-nyheter","25":"tag-petteri-orpo","26":"tag-politik","27":"tag-rasism","28":"tag-rubriker","29":"tag-sannfinlandarna","30":"tag-se","31":"tag-skandaler","32":"tag-svenska","33":"tag-sverige","34":"tag-sweden","35":"tag-swedish","36":"tag-top-stories","37":"tag-topstories"},"share_on_mastodon":{"url":"https:\/\/pubeurope.com\/@se\/115735485884255005","error":""},"_links":{"self":[{"href":"https:\/\/www.europesays.com\/se\/wp-json\/wp\/v2\/posts\/109047","targetHints":{"allow":["GET"]}}],"collection":[{"href":"https:\/\/www.europesays.com\/se\/wp-json\/wp\/v2\/posts"}],"about":[{"href":"https:\/\/www.europesays.com\/se\/wp-json\/wp\/v2\/types\/post"}],"author":[{"embeddable":true,"href":"https:\/\/www.europesays.com\/se\/wp-json\/wp\/v2\/users\/2"}],"replies":[{"embeddable":true,"href":"https:\/\/www.europesays.com\/se\/wp-json\/wp\/v2\/comments?post=109047"}],"version-history":[{"count":0,"href":"https:\/\/www.europesays.com\/se\/wp-json\/wp\/v2\/posts\/109047\/revisions"}],"wp:featuredmedia":[{"embeddable":true,"href":"https:\/\/www.europesays.com\/se\/wp-json\/wp\/v2\/media\/109048"}],"wp:attachment":[{"href":"https:\/\/www.europesays.com\/se\/wp-json\/wp\/v2\/media?parent=109047"}],"wp:term":[{"taxonomy":"category","embeddable":true,"href":"https:\/\/www.europesays.com\/se\/wp-json\/wp\/v2\/categories?post=109047"},{"taxonomy":"post_tag","embeddable":true,"href":"https:\/\/www.europesays.com\/se\/wp-json\/wp\/v2\/tags?post=109047"}],"curies":[{"name":"wp","href":"https:\/\/api.w.org\/{rel}","templated":true}]}}