{"id":109053,"date":"2025-12-17T15:01:11","date_gmt":"2025-12-17T15:01:11","guid":{"rendered":"https:\/\/www.europesays.com\/se\/109053\/"},"modified":"2025-12-17T15:01:11","modified_gmt":"2025-12-17T15:01:11","slug":"invanarundersokning-om-kallelser-till-vardbesok","status":"publish","type":"post","link":"https:\/\/www.europesays.com\/se\/109053\/","title":{"rendered":"Inv\u00e5narunders\u00f6kning om kallelser till v\u00e5rdbes\u00f6k"},"content":{"rendered":"<p>Syftet \u00e4r att unders\u00f6ka hur v\u00e4l nuvarande kallelser f\u00f6rbereder inf\u00f6r v\u00e5rdbes\u00f6k och hur framtida kallelser kan utformas. Det \u00e4r \u00f6ppet f\u00f6r alla l\u00e4nets inv\u00e5nare att delta genom att besvara enk\u00e4ten som finns p\u00e5 Region Kalmar l\u00e4ns webbplats.<\/p>\n<p>Bakgrunden till initiativet \u00e4r att regionen, precis som m\u00e5nga andra regioner, i liten skala b\u00f6rjat erbjuda digitala kallelser via inv\u00e5narnas inkorg p\u00e5 1177.se. Just nu p\u00e5g\u00e5r en f\u00f6rstudie som utreder hur Region Kalmar l\u00e4n p\u00e5 ett bra s\u00e4tt kan inf\u00f6ra digitala kallelser p\u00e5 bland annat l\u00e4nets h\u00e4lsocentraler och sjukhus.<\/p>\n<p>\u2013 Fr\u00e5gorna handlar bland annat om vilken information som \u00e4r relevant att ha i kallelser. Svaren \u00e4r v\u00e4rdefulla f\u00f6r v\u00e5rt inf\u00f6rande av digitala kallelser, men ocks\u00e5 f\u00f6r att f\u00f6rb\u00e4ttra v\u00e5ra kallelser som idag skickas med posten, s\u00e4ger Jessica Lindgren, projektledare f\u00f6r f\u00f6rstudien.<\/p>\n<p>F\u00f6rutom enk\u00e4tunders\u00f6kningen kommer ocks\u00e5 intervjuer att genomf\u00f6ras med s\u00e4rskilda grupper.<\/p>\n<p>\u2013 Det \u00e4r viktigt att v\u00e5ra kallelser \u00e4r tillg\u00e4ngliga och enkla att f\u00f6rst\u00e5. Patienter ska k\u00e4nna sig trygga och f\u00f6rberedda inf\u00f6r sina v\u00e5rdbes\u00f6k. D\u00e4rf\u00f6r kommer vi ocks\u00e5 prata s\u00e4rskilt med vissa grupper som \u00e4r viktiga att h\u00f6ra in, till exempel personer med svenska som andraspr\u00e5k eller personer med olika funktionsneds\u00e4ttningar, s\u00e4ger Jessica Lindgren.<\/p>\n<p>Idag skickar Region Kalmar l\u00e4n n\u00e4stintill uteslutande kallelser p\u00e5 papper med posten. N\u00e4r regionen i st\u00e4llet skickar en kallelse digitalt n\u00e5s patienten snabbare och det bidrar ocks\u00e5 till mindre milj\u00f6- och klimatp\u00e5verkan.<\/p>\n<p>Kallelse per post kommer fortfarande att skickas till de som \u00f6nskar. Som inv\u00e5nare kan man logga in p\u00e5 1177.se och v\u00e4lja att endast f\u00e5 informationen digitalt.<\/p>\n","protected":false},"excerpt":{"rendered":"Syftet \u00e4r att unders\u00f6ka hur v\u00e4l nuvarande kallelser f\u00f6rbereder inf\u00f6r v\u00e5rdbes\u00f6k och hur framtida kallelser kan utformas. Det&hellip;\n","protected":false},"author":2,"featured_media":109054,"comment_status":"","ping_status":"","sticky":false,"template":"","format":"standard","meta":{"footnotes":""},"categories":[12],"tags":[22,23,26,27,17,21,24,25,28,29,15,16,18,34,31,33,32,30,19,20],"class_list":{"0":"post-109053","1":"post","2":"type-post","3":"status-publish","4":"format-standard","5":"has-post-thumbnail","7":"category-sverige","8":"tag-breaking-news","9":"tag-breakingnews","10":"tag-featured-news","11":"tag-featurednews","12":"tag-headlines","13":"tag-huvudnyheter","14":"tag-latest-news","15":"tag-latestnews","16":"tag-main-news","17":"tag-mainnews","18":"tag-news","19":"tag-nyheter","20":"tag-rubriker","21":"tag-se","22":"tag-svenska","23":"tag-sverige","24":"tag-sweden","25":"tag-swedish","26":"tag-top-stories","27":"tag-topstories"},"share_on_mastodon":{"url":"https:\/\/pubeurope.com\/@se\/115735513362471936","error":""},"_links":{"self":[{"href":"https:\/\/www.europesays.com\/se\/wp-json\/wp\/v2\/posts\/109053","targetHints":{"allow":["GET"]}}],"collection":[{"href":"https:\/\/www.europesays.com\/se\/wp-json\/wp\/v2\/posts"}],"about":[{"href":"https:\/\/www.europesays.com\/se\/wp-json\/wp\/v2\/types\/post"}],"author":[{"embeddable":true,"href":"https:\/\/www.europesays.com\/se\/wp-json\/wp\/v2\/users\/2"}],"replies":[{"embeddable":true,"href":"https:\/\/www.europesays.com\/se\/wp-json\/wp\/v2\/comments?post=109053"}],"version-history":[{"count":0,"href":"https:\/\/www.europesays.com\/se\/wp-json\/wp\/v2\/posts\/109053\/revisions"}],"wp:featuredmedia":[{"embeddable":true,"href":"https:\/\/www.europesays.com\/se\/wp-json\/wp\/v2\/media\/109054"}],"wp:attachment":[{"href":"https:\/\/www.europesays.com\/se\/wp-json\/wp\/v2\/media?parent=109053"}],"wp:term":[{"taxonomy":"category","embeddable":true,"href":"https:\/\/www.europesays.com\/se\/wp-json\/wp\/v2\/categories?post=109053"},{"taxonomy":"post_tag","embeddable":true,"href":"https:\/\/www.europesays.com\/se\/wp-json\/wp\/v2\/tags?post=109053"}],"curies":[{"name":"wp","href":"https:\/\/api.w.org\/{rel}","templated":true}]}}