{"id":109055,"date":"2025-12-17T15:02:13","date_gmt":"2025-12-17T15:02:13","guid":{"rendered":"https:\/\/www.europesays.com\/se\/109055\/"},"modified":"2025-12-17T15:02:13","modified_gmt":"2025-12-17T15:02:13","slug":"trafikverket-redo-med-bandvagnar-infor-jultrafiken","status":"publish","type":"post","link":"https:\/\/www.europesays.com\/se\/109055\/","title":{"rendered":"Trafikverket redo med bandvagnar inf\u00f6r jultrafiken"},"content":{"rendered":"<p>Trafikverkets r\u00e5d i jultrafiken:<\/p>\n<p> V\u00e4lj om m\u00f6jligt v\u00e4gar med mittr\u00e4cke eller trafiks\u00e4kerhetskameror.<\/p>\n<p> Utrusta bilen med bland annat sn\u00f6borste, isskrapa, sn\u00f6skyffel, startkablar, bogserlina, ficklampa, reflexv\u00e4st, varma kl\u00e4der, filtar och en laddad mobiltelefon.<\/p>\n<p> Anpassa farten efter v\u00e4glag och trafik, men \u00f6verskrid aldrig den till\u00e5tna hastighetsgr\u00e4nsen.<\/p>\n","protected":false},"excerpt":{"rendered":"Trafikverkets r\u00e5d i jultrafiken: V\u00e4lj om m\u00f6jligt v\u00e4gar med mittr\u00e4cke eller trafiks\u00e4kerhetskameror. Utrusta bilen med bland annat sn\u00f6borste,&hellip;\n","protected":false},"author":2,"featured_media":109056,"comment_status":"","ping_status":"","sticky":false,"template":"","format":"standard","meta":{"footnotes":""},"categories":[5],"tags":[22,23,26,27,17,21,24,25,28,29,15,16,6627,18,34,154,31,33,32,30,19,1368,20],"class_list":{"0":"post-109055","1":"post","2":"type-post","3":"status-publish","4":"format-standard","5":"has-post-thumbnail","7":"category-rubriker","8":"tag-breaking-news","9":"tag-breakingnews","10":"tag-featured-news","11":"tag-featurednews","12":"tag-headlines","13":"tag-huvudnyheter","14":"tag-latest-news","15":"tag-latestnews","16":"tag-main-news","17":"tag-mainnews","18":"tag-news","19":"tag-nyheter","20":"tag-organization-trafikverket","21":"tag-rubriker","22":"tag-se","23":"tag-sections-sverige","24":"tag-svenska","25":"tag-sverige","26":"tag-sweden","27":"tag-swedish","28":"tag-top-stories","29":"tag-topic-infrastruktur","30":"tag-topstories"},"share_on_mastodon":{"url":"https:\/\/pubeurope.com\/@se\/115735517142846922","error":""},"_links":{"self":[{"href":"https:\/\/www.europesays.com\/se\/wp-json\/wp\/v2\/posts\/109055","targetHints":{"allow":["GET"]}}],"collection":[{"href":"https:\/\/www.europesays.com\/se\/wp-json\/wp\/v2\/posts"}],"about":[{"href":"https:\/\/www.europesays.com\/se\/wp-json\/wp\/v2\/types\/post"}],"author":[{"embeddable":true,"href":"https:\/\/www.europesays.com\/se\/wp-json\/wp\/v2\/users\/2"}],"replies":[{"embeddable":true,"href":"https:\/\/www.europesays.com\/se\/wp-json\/wp\/v2\/comments?post=109055"}],"version-history":[{"count":0,"href":"https:\/\/www.europesays.com\/se\/wp-json\/wp\/v2\/posts\/109055\/revisions"}],"wp:featuredmedia":[{"embeddable":true,"href":"https:\/\/www.europesays.com\/se\/wp-json\/wp\/v2\/media\/109056"}],"wp:attachment":[{"href":"https:\/\/www.europesays.com\/se\/wp-json\/wp\/v2\/media?parent=109055"}],"wp:term":[{"taxonomy":"category","embeddable":true,"href":"https:\/\/www.europesays.com\/se\/wp-json\/wp\/v2\/categories?post=109055"},{"taxonomy":"post_tag","embeddable":true,"href":"https:\/\/www.europesays.com\/se\/wp-json\/wp\/v2\/tags?post=109055"}],"curies":[{"name":"wp","href":"https:\/\/api.w.org\/{rel}","templated":true}]}}