{"id":109081,"date":"2025-12-17T15:24:07","date_gmt":"2025-12-17T15:24:07","guid":{"rendered":"https:\/\/www.europesays.com\/se\/109081\/"},"modified":"2025-12-17T15:24:07","modified_gmt":"2025-12-17T15:24:07","slug":"slutligt-eu-beslut-om-rysk-gas","status":"publish","type":"post","link":"https:\/\/www.europesays.com\/se\/109081\/","title":{"rendered":"Slutligt EU-beslut om rysk gas"},"content":{"rendered":"<p>Med stor majoritet sade EU-parlamentet ja till utfasningen av rysk gas. Omr\u00f6stningen i Strasbourg bekr\u00e4ftar uppg\u00f6relsen som medlemsl\u00e4nderna gjorde i december. <\/p>\n<p>Den inneb\u00e4r att den ryska gasen, b\u00e5de flytande och via r\u00f6rledningar, fasas ut i omg\u00e5ngar. Senast 30 september 2027 ska alla kranar vara st\u00e4ngda. <\/p>\n<p>Onsdagens godk\u00e4nnande gjordes med 500 ja-r\u00f6ster, 120 nej och 32 nedlagda. Ungern och Slovakien t\u00e4nker \u00f6verklaga beslutet i domstol eftersom man anser att den bryter mot r\u00e4tten att sj\u00e4lv v\u00e4lja energimix.<\/p>\n","protected":false},"excerpt":{"rendered":"Med stor majoritet sade EU-parlamentet ja till utfasningen av rysk gas. Omr\u00f6stningen i Strasbourg bekr\u00e4ftar uppg\u00f6relsen som medlemsl\u00e4nderna&hellip;\n","protected":false},"author":2,"featured_media":793,"comment_status":"","ping_status":"","sticky":false,"template":"","format":"standard","meta":{"footnotes":""},"categories":[14],"tags":[22,23,26,27,17,21,24,25,28,29,15,16,18,34,31,33,32,30,19,20,51,52,53,54],"class_list":{"0":"post-109081","1":"post","2":"type-post","3":"status-publish","4":"format-standard","5":"has-post-thumbnail","7":"category-varlden","8":"tag-breaking-news","9":"tag-breakingnews","10":"tag-featured-news","11":"tag-featurednews","12":"tag-headlines","13":"tag-huvudnyheter","14":"tag-latest-news","15":"tag-latestnews","16":"tag-main-news","17":"tag-mainnews","18":"tag-news","19":"tag-nyheter","20":"tag-rubriker","21":"tag-se","22":"tag-svenska","23":"tag-sverige","24":"tag-sweden","25":"tag-swedish","26":"tag-top-stories","27":"tag-topstories","28":"tag-varlden","29":"tag-world","30":"tag-world-news","31":"tag-worldnews"},"share_on_mastodon":{"url":"https:\/\/pubeurope.com\/@se\/115735603831690816","error":""},"_links":{"self":[{"href":"https:\/\/www.europesays.com\/se\/wp-json\/wp\/v2\/posts\/109081","targetHints":{"allow":["GET"]}}],"collection":[{"href":"https:\/\/www.europesays.com\/se\/wp-json\/wp\/v2\/posts"}],"about":[{"href":"https:\/\/www.europesays.com\/se\/wp-json\/wp\/v2\/types\/post"}],"author":[{"embeddable":true,"href":"https:\/\/www.europesays.com\/se\/wp-json\/wp\/v2\/users\/2"}],"replies":[{"embeddable":true,"href":"https:\/\/www.europesays.com\/se\/wp-json\/wp\/v2\/comments?post=109081"}],"version-history":[{"count":0,"href":"https:\/\/www.europesays.com\/se\/wp-json\/wp\/v2\/posts\/109081\/revisions"}],"wp:featuredmedia":[{"embeddable":true,"href":"https:\/\/www.europesays.com\/se\/wp-json\/wp\/v2\/media\/793"}],"wp:attachment":[{"href":"https:\/\/www.europesays.com\/se\/wp-json\/wp\/v2\/media?parent=109081"}],"wp:term":[{"taxonomy":"category","embeddable":true,"href":"https:\/\/www.europesays.com\/se\/wp-json\/wp\/v2\/categories?post=109081"},{"taxonomy":"post_tag","embeddable":true,"href":"https:\/\/www.europesays.com\/se\/wp-json\/wp\/v2\/tags?post=109081"}],"curies":[{"name":"wp","href":"https:\/\/api.w.org\/{rel}","templated":true}]}}