{"id":109090,"date":"2025-12-17T15:31:26","date_gmt":"2025-12-17T15:31:26","guid":{"rendered":"https:\/\/www.europesays.com\/se\/109090\/"},"modified":"2025-12-17T15:31:26","modified_gmt":"2025-12-17T15:31:26","slug":"hassleholm-beslagtar-livsmedel-med-potensmedel","status":"publish","type":"post","link":"https:\/\/www.europesays.com\/se\/109090\/","title":{"rendered":"H\u00e4ssleholm beslagtar livsmedel med potensmedel"},"content":{"rendered":"<p>Publicerad 17 dec 2025 kl 11.58Uppdaterad kl 12.45<\/p>\n<p>I en mindre butik i H\u00e4ssleholm s\u00e5ldes potenschoklad \u2013 med ingrediensen \u201dhorny goat weed\u201d.<\/p>\n<p>Nu har kommunen slagit till, enligt Kristianstadsbladet.\u00a0<\/p>\n<p>Senaste nyhetsklippen fr\u00e5n Expressen.<\/p>\n<p>Det var under en oanm\u00e4ld inspektion som H\u00e4ssleholms kommuns livsmedelsinspekt\u00f6r hittade en rad produkter som inte f\u00e5r s\u00e4ljas i Sverige, rapporterar <a href=\"https:\/\/www.kristianstadsbladet.se\/hassleholm\/butik-salde-forbjuden-choklad-med-potensmedel\/\" rel=\"nofollow noopener\" target=\"_blank\">Kristianstadsbladet<\/a>.<\/p>\n<p>Mest uppseendev\u00e4ckande: en choklad som inneh\u00f6ll \u00e4mnet epimedium, \u00e4ven k\u00e4nt som horny goat weed.\u00a0<\/p>\n<p>Namnet s\u00e4gs ha sitt ursprung i en gammal historia om en f\u00e5raherde som lade m\u00e4rke till att hans getter blev extra sexuellt aktiva efter att ha \u00e4tit vissa v\u00e4xter.<\/p>\n<p>\u00c4mnet inneh\u00e5ller substanser som liknar den aktiva ingrediensen i Viagra och f\u00f6rekommer enligt Livsmedelsverket ofta i kosttillskott som marknadsf\u00f6rs f\u00f6r \u00f6kad potens.\u00a0<\/p>\n<p>Inte godk\u00e4nt inom EU<\/p>\n<p>D\u00e4remot \u00e4r epimedium inte godk\u00e4nt som livsmedel inom EU. Den klassas som ett s\u00e5 kallat novel food, eftersom den inte har genomg\u00e5tt tillr\u00e4ckliga tester.<\/p>\n<p>Chokladen togs i beslag av kommunen f\u00f6r destruktion. H\u00e4ssleholms kommun inf\u00f6rde \u00e4ven saluf\u00f6rbud p\u00e5 ytterligare 13 livsmedel.<\/p>\n<p>Sammanlagt r\u00f6rde det sig om 322 f\u00f6rpackningar \u2013 bland annat jordn\u00f6tter, saffran, kakor, torkad frukt och energidrycker fr\u00e5n Nocco. Tv\u00e5 sorters snacks saknade information p\u00e5 svenska och f\u00f6r elva produkter gick det inte att sp\u00e5ra ursprunget.<\/p>\n","protected":false},"excerpt":{"rendered":"Publicerad 17 dec 2025 kl 11.58Uppdaterad kl 12.45 I en mindre butik i H\u00e4ssleholm s\u00e5ldes potenschoklad \u2013 med&hellip;\n","protected":false},"author":2,"featured_media":109091,"comment_status":"","ping_status":"","sticky":false,"template":"","format":"standard","meta":{"footnotes":""},"categories":[65],"tags":[72,70,71,12118,34,154,31,33,32,30,145],"class_list":{"0":"post-109090","1":"post","2":"type-post","3":"status-publish","4":"format-standard","5":"has-post-thumbnail","7":"category-ekonomi","8":"tag-business","9":"tag-economy","10":"tag-ekonomi","11":"tag-location-hassleholm-kommun","12":"tag-se","13":"tag-sections-sverige","14":"tag-svenska","15":"tag-sverige","16":"tag-sweden","17":"tag-swedish","18":"tag-topic-mat-dryck"},"share_on_mastodon":{"url":"https:\/\/pubeurope.com\/@se\/115735631272893795","error":""},"_links":{"self":[{"href":"https:\/\/www.europesays.com\/se\/wp-json\/wp\/v2\/posts\/109090","targetHints":{"allow":["GET"]}}],"collection":[{"href":"https:\/\/www.europesays.com\/se\/wp-json\/wp\/v2\/posts"}],"about":[{"href":"https:\/\/www.europesays.com\/se\/wp-json\/wp\/v2\/types\/post"}],"author":[{"embeddable":true,"href":"https:\/\/www.europesays.com\/se\/wp-json\/wp\/v2\/users\/2"}],"replies":[{"embeddable":true,"href":"https:\/\/www.europesays.com\/se\/wp-json\/wp\/v2\/comments?post=109090"}],"version-history":[{"count":0,"href":"https:\/\/www.europesays.com\/se\/wp-json\/wp\/v2\/posts\/109090\/revisions"}],"wp:featuredmedia":[{"embeddable":true,"href":"https:\/\/www.europesays.com\/se\/wp-json\/wp\/v2\/media\/109091"}],"wp:attachment":[{"href":"https:\/\/www.europesays.com\/se\/wp-json\/wp\/v2\/media?parent=109090"}],"wp:term":[{"taxonomy":"category","embeddable":true,"href":"https:\/\/www.europesays.com\/se\/wp-json\/wp\/v2\/categories?post=109090"},{"taxonomy":"post_tag","embeddable":true,"href":"https:\/\/www.europesays.com\/se\/wp-json\/wp\/v2\/tags?post=109090"}],"curies":[{"name":"wp","href":"https:\/\/api.w.org\/{rel}","templated":true}]}}