{"id":109104,"date":"2025-12-17T15:40:24","date_gmt":"2025-12-17T15:40:24","guid":{"rendered":"https:\/\/www.europesays.com\/se\/109104\/"},"modified":"2025-12-17T15:40:24","modified_gmt":"2025-12-17T15:40:24","slug":"filippinerna-bekraftar-resan-akte-till-terrornaste","status":"publish","type":"post","link":"https:\/\/www.europesays.com\/se\/109104\/","title":{"rendered":"Filippinerna bekr\u00e4ftar resan \u2013 \u00e5kte till terrorn\u00e4ste"},"content":{"rendered":"<p>Den filippinska migrationsmyndigheten bekr\u00e4ftar att Sajid och Naveed Akram, som misst\u00e4nks f\u00f6r terrord\u00e5det p\u00e5 Bondi Beach, bes\u00f6kte Filippinerna m\u00e5naden f\u00f6re d\u00e5det, rapporterar Reuters.<\/p>\n<p>De anl\u00e4nde till huvudstaden Manila den 1 november, reste vidare till Davao och stannade till den 28 november.<\/p>\n<p>Davao ligger i s\u00f6dra Filippinerna och i regionen Mindanao d\u00e4r flera terrororganisationer har varit verksamma, d\u00e4ribland Islamiska staten.<\/p>\n<p>Enligt uppgifter till ABC News ska Sajid och Naveed ha f\u00e5tt \u201dmilit\u00e4rliknande tr\u00e4ning\u201d under resan, och en utredning p\u00e5g\u00e5r kring deras vistelse. Australiens premi\u00e4rminister Anthony Albanese sa under natten att d\u00e5det p\u00e5 Bondi Beach var inspirerat av IS.<\/p>\n<p>16 personer d\u00f6dades, inklusive Sajid, och \u00f6ver 30 skadades i d\u00e5det.<\/p>\n<p>Omni \u00e4r politiskt obundna och oberoende. Vi str\u00e4var efter att ge fler perspektiv p\u00e5 nyheterna. Har du fr\u00e5gor eller synpunkter kring v\u00e5r rapportering? <a href=\"https:\/\/omni.se\/filippinerna-bekraftar-resan-akte-till-terrornaste\/a\/mailto:redaktion@omni.se\" class=\"ArticleActions_contactLink__W2F1M\" rel=\"nofollow noopener\" target=\"_blank\">Kontakta redaktionen<\/a><\/p>\n","protected":false},"excerpt":{"rendered":"Den filippinska migrationsmyndigheten bekr\u00e4ftar att Sajid och Naveed Akram, som misst\u00e4nks f\u00f6r terrord\u00e5det p\u00e5 Bondi Beach, bes\u00f6kte Filippinerna&hellip;\n","protected":false},"author":2,"featured_media":109105,"comment_status":"","ping_status":"","sticky":false,"template":"","format":"standard","meta":{"footnotes":""},"categories":[14],"tags":[449,420,450,22,23,26,27,3921,17,21,24,25,28,29,15,16,18,34,31,33,32,30,19,20,51,52,53,54],"class_list":{"0":"post-109104","1":"post","2":"type-post","3":"status-publish","4":"format-standard","5":"has-post-thumbnail","7":"category-varlden","8":"tag-anthony-albanese","9":"tag-asien","10":"tag-australien","11":"tag-breaking-news","12":"tag-breakingnews","13":"tag-featured-news","14":"tag-featurednews","15":"tag-filippinerna","16":"tag-headlines","17":"tag-huvudnyheter","18":"tag-latest-news","19":"tag-latestnews","20":"tag-main-news","21":"tag-mainnews","22":"tag-news","23":"tag-nyheter","24":"tag-rubriker","25":"tag-se","26":"tag-svenska","27":"tag-sverige","28":"tag-sweden","29":"tag-swedish","30":"tag-top-stories","31":"tag-topstories","32":"tag-varlden","33":"tag-world","34":"tag-world-news","35":"tag-worldnews"},"share_on_mastodon":{"url":"https:\/\/pubeurope.com\/@se\/115735666549555628","error":""},"_links":{"self":[{"href":"https:\/\/www.europesays.com\/se\/wp-json\/wp\/v2\/posts\/109104","targetHints":{"allow":["GET"]}}],"collection":[{"href":"https:\/\/www.europesays.com\/se\/wp-json\/wp\/v2\/posts"}],"about":[{"href":"https:\/\/www.europesays.com\/se\/wp-json\/wp\/v2\/types\/post"}],"author":[{"embeddable":true,"href":"https:\/\/www.europesays.com\/se\/wp-json\/wp\/v2\/users\/2"}],"replies":[{"embeddable":true,"href":"https:\/\/www.europesays.com\/se\/wp-json\/wp\/v2\/comments?post=109104"}],"version-history":[{"count":0,"href":"https:\/\/www.europesays.com\/se\/wp-json\/wp\/v2\/posts\/109104\/revisions"}],"wp:featuredmedia":[{"embeddable":true,"href":"https:\/\/www.europesays.com\/se\/wp-json\/wp\/v2\/media\/109105"}],"wp:attachment":[{"href":"https:\/\/www.europesays.com\/se\/wp-json\/wp\/v2\/media?parent=109104"}],"wp:term":[{"taxonomy":"category","embeddable":true,"href":"https:\/\/www.europesays.com\/se\/wp-json\/wp\/v2\/categories?post=109104"},{"taxonomy":"post_tag","embeddable":true,"href":"https:\/\/www.europesays.com\/se\/wp-json\/wp\/v2\/tags?post=109104"}],"curies":[{"name":"wp","href":"https:\/\/api.w.org\/{rel}","templated":true}]}}