{"id":109113,"date":"2025-12-17T15:48:06","date_gmt":"2025-12-17T15:48:06","guid":{"rendered":"https:\/\/www.europesays.com\/se\/109113\/"},"modified":"2025-12-17T15:48:06","modified_gmt":"2025-12-17T15:48:06","slug":"pavens-audiens-vara-rastlosa-hjartan-finner-bara-frid-i-det-gud-alskar","status":"publish","type":"post","link":"https:\/\/www.europesays.com\/se\/109113\/","title":{"rendered":"P\u00e5vens audiens: \u201dV\u00e5ra rastl\u00f6sa hj\u00e4rtan finner bara frid i det Gud \u00e4lskar\u201d"},"content":{"rendered":"<p>I sin katekes vid onsdagens allm\u00e4nna audiens f\u00f6rklarade p\u00e5ve Leo XIV att v\u00e5ra hj\u00e4rtan endast kan finna verklig frid i Gud och inte i de m\u00e5nga dagliga \u201daktiviteter som inte g\u00f6r oss helt tillfredsst\u00e4llda\u201d.<\/p>\n<p><b>Vatican News<\/b><\/p>\n<p>Under sin allm\u00e4nna audiens p\u00e5 onsdagen p\u00e5 Petersplatsen reflekterade p\u00e5ve Leo XIV \u00f6ver k\u00e4nslan av att st\u00e4ndigt beh\u00f6va vara i r\u00f6relse, n\u00e5got som \u201ddriver oss att agera, att handla\u201d.<\/p>\n<p>P\u00e5ven riktade blicken mot Jesu uppst\u00e5ndelse och hur den kan p\u00e5verka v\u00e5rt dagliga liv.<\/p>\n<p>N\u00e4r vi alla f\u00e5r del av Kristi seger \u00f6ver d\u00f6den uppst\u00e5r fr\u00e5gan: kommer vi att finna frid? P\u00e5ven f\u00f6rklarade att v\u00e5r tro s\u00e4ger oss att vi kommer att g\u00f6ra det. Men det handlar inte om en passiv vila. Tv\u00e4rtom kommer vi att leva i frid och gl\u00e4dje. P\u00e5ve Leo fr\u00e5gade: \u201dSka vi d\u00e5 bara v\u00e4nta, eller kan detta f\u00f6r\u00e4ndra oss redan nu?\u201d<\/p>\n<p><b>\u201dTill priset av miljontals m\u00e4nniskoliv\u201d<\/b> <\/p>\n<p>Varje dag finner vi oss helt uppslukade av aktiviteter som inte uppfyller oss, utan som r\u00f6r praktiska och konkreta fr\u00e5gor.<\/p>\n<p>V\u00e5ra dagliga liv \u00e4r fyllda av val, problem, sv\u00e5righeter och ansvar. S\u00e5 var det ocks\u00e5 f\u00f6r Jesus, men hans fokus f\u00f6rblev att \u201dge offra sig sj\u00e4lv till slutet\u201d.<\/p>\n<p>P\u00e5ve Leo varnade f\u00f6r tanken att det \u00e4r genom att g\u00f6ra m\u00e5nga saker som vi finner mening. I st\u00e4llet \u201dblir det en virvel som \u00f6verv\u00e4ldigar oss, ber\u00f6var oss v\u00e5r sinnesro och hindrar oss fr\u00e5n att leva fullt ut det som verkligen \u00e4r viktigt i v\u00e5ra liv\u201d.<\/p>\n<p>N\u00e4r vi \u00e4r tr\u00f6tta och missn\u00f6jda kan det k\u00e4nnas som om vi tillbringar s\u00e5 mycket av v\u00e5r tid med tusen praktiska saker som inte leder till det yttersta m\u00e5let f\u00f6r v\u00e5r existens. Till och med efter dagar fyllda av h\u00e4ndelser och aktiviteter kan vi k\u00e4nna oss tomma. Varf\u00f6r? fr\u00e5gade p\u00e5ven. \u201dD\u00e4rf\u00f6r att vi inte \u00e4r maskiner, vi har ett \u2019hj\u00e4rta\u2019; ja, vi kan s\u00e4ga att vi \u00e4r ett hj\u00e4rta.\u201d<\/p>\n<p>Hj\u00e4rtat, f\u00f6rklarade den helige fadern, \u201d\u00e4r symbolen f\u00f6r hela v\u00e5r m\u00e4nsklighet, summan av v\u00e5ra tankar, k\u00e4nslor och beg\u00e4r, v\u00e5rt osynliga centrum\u201d. Matteusevangeliet inbjuder oss att reflektera \u00f6ver hj\u00e4rtat som den plats d\u00e4r vi f\u00f6rvarar v\u00e5r skatt.<\/p>\n<p>D\u00e4rf\u00f6r \u00e4r det avg\u00f6rande att vi inte samlar v\u00e5r skatt i jordiska, f\u00f6rg\u00e4ngliga ting. V\u00e5r skatt b\u00f6r inte finnas i finansiella investeringar, \u201dsom i dag mer \u00e4n n\u00e5gonsin \u00e4r okontrollerade och or\u00e4ttvist koncentrerade till det priset av miljontals m\u00e4nniskoliv och f\u00f6rst\u00f6relsen av Guds skapelse\u201d.<\/p>\n<p>P\u00e5ven uppmanade alla att se in i sig sj\u00e4lva f\u00f6r att urskilja var deras skatt och deras hj\u00e4rta finns, eftersom vi \u2013 med de ibland \u00f6verv\u00e4ldigande m\u00e4ngderna \u00e5taganden \u2013 st\u00e5r inf\u00f6r en v\u00e4xande risk f\u00f6r splittring, f\u00f6rtvivlan och meningsl\u00f6shet.<\/p>\n<p><b>Att stilla v\u00e5ra rastl\u00f6sa hj\u00e4rtan<\/b> <\/p>\n<p>Men om vi f\u00f6r\u00e4ndrar v\u00e5rt s\u00e4tt att tolka livet och betraktar det genom p\u00e5skens ljus kan vi finna mening; vi f\u00e5r \u201dtillg\u00e5ng till m\u00e4nniskans innersta v\u00e4sen, till v\u00e5rt hj\u00e4rta: cor inquietum\u201d. Detta \u00e4r det \u201drastl\u00f6sa hj\u00e4rtat\u201d som den helige Augustinus \u00e4r s\u00e5 k\u00e4nd f\u00f6r att tala om i sitt verk Bek\u00e4nnelser.<\/p>\n<p>Denna k\u00e4nsla av rastl\u00f6shet visar att v\u00e5ra hj\u00e4rtan inte r\u00f6r sig av en slump, \u201dp\u00e5 ett oordnat s\u00e4tt, utan m\u00e5l eller riktning, utan \u00e4r orienterade mot sitt yttersta m\u00e5l, \u2019att \u00e5terv\u00e4nda hem\u2019\u201d. Hj\u00e4rtats sanna skatt finns i den Gud som \u00e4lskar, och vi m\u00f6ter honom genom att \u00e4lska v\u00e5r n\u00e4sta.<\/p>\n<p>Att se v\u00e5ra br\u00f6der och systrar kr\u00e4ver att vi saktar ner och ser dem i \u00f6gonen; ibland kr\u00e4ver det en f\u00f6r\u00e4ndring av v\u00e5ra planer eller en ny riktning.<\/p>\n<p>Som p\u00e5ve Leo p\u00e5pekade \u00e4r hemligheten bakom hj\u00e4rtats r\u00f6relse att \u201dv\u00e4nda tillbaka till sin k\u00e4lla och gl\u00e4dja sig i den gl\u00e4dje som aldrig tar slut, som aldrig g\u00f6r oss besvikna\u201d.<\/p>\n<p>Det \u00e4r om\u00f6jligt att leva utan mening, bortom det som f\u00f6rg\u00e5r. \u201dDet m\u00e4nskliga hj\u00e4rtat kan inte leva utan hopp\u201d, betonade p\u00e5ven, \u201dutan att veta att det \u00e4r skapat f\u00f6r fullhet.\u201d<\/p>\n<p>Jesus \u2013 genom sin inkarnation, sitt lidande, sin d\u00f6d och sin uppst\u00e5ndelse \u2013 har banat v\u00e4gen till detta hopp f\u00f6r oss. Om vi tr\u00e4der in \u201di den k\u00e4rlekens dynamik som hj\u00e4rtat \u00e4r skapat f\u00f6r\u201d, kommer v\u00e5ra rastl\u00f6sa hj\u00e4rtan inte att bli besvikna. M\u00e5let \u00e4r s\u00e4kert, livet har segrat, och genom Kristus kommer livet att forts\u00e4tta segra \u201di varje d\u00f6d i vardagens liv\u201d.<\/p>\n<p>\u00a0<\/p>\n","protected":false},"excerpt":{"rendered":"I sin katekes vid onsdagens allm\u00e4nna audiens f\u00f6rklarade p\u00e5ve Leo XIV att v\u00e5ra hj\u00e4rtan endast kan finna verklig&hellip;\n","protected":false},"author":2,"featured_media":109114,"comment_status":"","ping_status":"","sticky":false,"template":"","format":"standard","meta":{"footnotes":""},"categories":[14],"tags":[22,23,26,27,17,21,24,25,28,29,15,16,18,34,31,33,32,30,19,20,51,52,53,54],"class_list":{"0":"post-109113","1":"post","2":"type-post","3":"status-publish","4":"format-standard","5":"has-post-thumbnail","7":"category-varlden","8":"tag-breaking-news","9":"tag-breakingnews","10":"tag-featured-news","11":"tag-featurednews","12":"tag-headlines","13":"tag-huvudnyheter","14":"tag-latest-news","15":"tag-latestnews","16":"tag-main-news","17":"tag-mainnews","18":"tag-news","19":"tag-nyheter","20":"tag-rubriker","21":"tag-se","22":"tag-svenska","23":"tag-sverige","24":"tag-sweden","25":"tag-swedish","26":"tag-top-stories","27":"tag-topstories","28":"tag-varlden","29":"tag-world","30":"tag-world-news","31":"tag-worldnews"},"share_on_mastodon":{"url":"https:\/\/pubeurope.com\/@se\/115735698160809696","error":""},"_links":{"self":[{"href":"https:\/\/www.europesays.com\/se\/wp-json\/wp\/v2\/posts\/109113","targetHints":{"allow":["GET"]}}],"collection":[{"href":"https:\/\/www.europesays.com\/se\/wp-json\/wp\/v2\/posts"}],"about":[{"href":"https:\/\/www.europesays.com\/se\/wp-json\/wp\/v2\/types\/post"}],"author":[{"embeddable":true,"href":"https:\/\/www.europesays.com\/se\/wp-json\/wp\/v2\/users\/2"}],"replies":[{"embeddable":true,"href":"https:\/\/www.europesays.com\/se\/wp-json\/wp\/v2\/comments?post=109113"}],"version-history":[{"count":0,"href":"https:\/\/www.europesays.com\/se\/wp-json\/wp\/v2\/posts\/109113\/revisions"}],"wp:featuredmedia":[{"embeddable":true,"href":"https:\/\/www.europesays.com\/se\/wp-json\/wp\/v2\/media\/109114"}],"wp:attachment":[{"href":"https:\/\/www.europesays.com\/se\/wp-json\/wp\/v2\/media?parent=109113"}],"wp:term":[{"taxonomy":"category","embeddable":true,"href":"https:\/\/www.europesays.com\/se\/wp-json\/wp\/v2\/categories?post=109113"},{"taxonomy":"post_tag","embeddable":true,"href":"https:\/\/www.europesays.com\/se\/wp-json\/wp\/v2\/tags?post=109113"}],"curies":[{"name":"wp","href":"https:\/\/api.w.org\/{rel}","templated":true}]}}