{"id":10914,"date":"2025-08-22T08:27:12","date_gmt":"2025-08-22T08:27:12","guid":{"rendered":"https:\/\/www.europesays.com\/se\/10914\/"},"modified":"2025-08-22T08:27:12","modified_gmt":"2025-08-22T08:27:12","slug":"darfor-borde-fler-lamna-svenska-kyrkan","status":"publish","type":"post","link":"https:\/\/www.europesays.com\/se\/10914\/","title":{"rendered":"D\u00e4rf\u00f6r borde fler l\u00e4mna Svenska kyrkan"},"content":{"rendered":"<p>Lydia W\u00e5lsten<\/p>\n<p>Publicerad 22 aug 2025 kl 05.00<\/p>\n<p>Det \u00e4r otroligt hur m\u00e5nga medlemmar vi fortfarande har, p\u00e5pekade en person fr\u00e5n Svenska kyrkan. Ja, rent logiskt borde fler l\u00e4mna.<\/p>\n<p><img   alt=\"\"\/><\/p>\n<p>Alla kan inte v\u00e4lja \u2013 men de som kan, borde.<\/p>\n<p>Foto: MAJA SUSLIN\/TT \/ TT NYHETSBYR\u00c5N<\/p>\n<p>\u00d6ppna bild i helsk\u00e4rm<\/p>\n<p>Detta \u00e4r en kr\u00f6nika fr\u00e5n Expressens ledarredaktion. Expressens politiska h\u00e5llning \u00e4r liberal.<\/p>\n<p><img   alt=\"\"\/>Lydia W\u00e5lsten<\/p>\n<p>Efter m\u00e5nga \u00e5rs v\u00e5nda h\u00e4nde det: en beg\u00e4ran om uttr\u00e4de ur Svenska kyrkan skickades in. Det satt l\u00e5ngt inne. Jag drogs till Humanisterna redan som ung och i den fromma hemmilj\u00f6n var min roll kritikerns. Att g\u00e5 ur? Det k\u00e4ndes \u00e4nd\u00e5 drastiskt.<\/p>\n<p>Konstigt, f\u00f6r mitt medlemskap var aldrig mitt. Det var ned\u00e4rvt \u2013 jag var tv\u00e5ngsansluten. Vi som \u00e4r f\u00f6dda <a href=\"https:\/\/www.svenskakyrkan.se\/tranas\/ar-ditt-barn-medlem-i--kyrkan\" rel=\"nofollow noopener\" target=\"_blank\">innan<\/a> 1996 skrevs automatiskt in i <a href=\"https:\/\/www.expressen.se\/tagg\/organization\/svenska-kyrkan\/\" class=\"\" rel=\"nofollow noopener\" target=\"_blank\">Svenska kyrkans<\/a> register om en f\u00f6r\u00e4lder fanns d\u00e4r. N\u00e4r staten och kyrkan separerade blev vi kvar med notan.<\/p>\n<p>\u00c4ven om det heter kyrkoavgift, den dryga procent p\u00e5 \u00e5rsinkomsten som g\u00e5r in i Svenska kyrkan varje \u00e5r, blev medlemskapet p\u00e5 s\u00e5 vis en slags arvsskatt. Diskret inkl\u00e4md i deklarationen mellan \u201dallm\u00e4n pensionsavgift\u201d och \u201dbegravningsavgift\u201d.\u00a0<\/p>\n<p>Att g\u00e5 ur \u00e4r en annan sak \u00e4n att g\u00e5 med. Lock-in effekt, som ekonomer s\u00e4ger. Det vet Svenska kyrkan. Man kan fortfarande inte signera sitt uttr\u00e4de hos dem med Bank-ID, utan m\u00e5ste ta sin ogudaktiga kr\u00e5ka till en postl\u00e5da eller expedition. Intr\u00e4de g\u00e5r <a href=\"https:\/\/www.svenskakyrkan.se\/falun\/hur-blir-man-medlem\" rel=\"nofollow noopener\" target=\"_blank\">d\u00e4remot<\/a> att g\u00f6ra digitalt.<\/p>\n<p>Fr\u00e4ckt, men det fungerar.<\/p>\n<p>Precis som med ett gymkort som aldrig anv\u00e4nds hittar man argument f\u00f6r att medlemskapet \u00e4r motiverat. Att man inte vill vara en kulturellt anemisk person. Att man n\u00e5gon g\u00e5ng kommer gifta sig. F\u00f6rest\u00e4llningen att pengarna beh\u00f6vs f\u00f6r att r\u00e4dda v\u00e5rt kulturarv.<\/p>\n<p>Men \u00e4ven nostalgi och romantik har en prislapp. Och knappt h\u00e4lften av svenskarna st\u00e5r utanf\u00f6r. Varf\u00f6r subventionera dem?<\/p>\n<blockquote><p>N\u00e5gon akut fara f\u00f6r att kulturarvet ska g\u00e5 f\u00f6rlorat finns inte.<\/p><\/blockquote>\n<p>I deklarationstid kom insikten att det snart m\u00e5ste vara uppemot 100 000 kronor som jag lagt p\u00e5 Herrans massa saker. Skatteverkets utdrag ger mig r\u00e4tt: 129 800 kronor hade jag haft om jag investerat pengarna i st\u00e4llet. Mer \u00e4n en halv miljon om 20 \u00e5r.<\/p>\n<p>Ty den som har, \u00e5t honom skall varda givet. Men den som icke har, fr\u00e5n honom skall tagas ocks\u00e5 det han har.<\/p>\n<p>Det kanske hade k\u00e4nts mer motiverat om det inte vore f\u00f6r att Svenska kyrkan f\u00f6rra \u00e5ret gjorde miljardresultat. Fr\u00e4mst var det aktieportf\u00f6ljen som drog upp. De senaste 10 \u00e5ren har \u00e5rsavkastningen varit 7,7 procent.<\/p>\n<p>Kyrkan har ingen brist p\u00e5 pengar. Eget kapital: <a href=\"https:\/\/www.svenskakyrkan.se\/filer\/1374643\/Faktablad%20Svenska%20kyrkan%202024.pdf\" rel=\"nofollow noopener\" target=\"_blank\">54 miljarder<\/a>. En del \u00e4r sv\u00e5rv\u00e4rderat, exempelvis fastigheter, men bara de finansiella tillg\u00e5ngarna \u2013 allts\u00e5 v\u00e4rdepapper och aktier \u2013 \u00e4r \u00f6ver 27 miljarder.<\/p>\n<p><strong>N\u00e5gon akut fara f\u00f6r att kulturarvet ska g\u00e5 f\u00f6rlorat finns inte. Staten skjuter ocks\u00e5 till \u00f6ver 400 miljoner varje \u00e5r f\u00f6r underh\u00e5ll av kyrkorna.<\/strong><\/p>\n<p>F\u00f6r fem \u00e5r sedan <a href=\"https:\/\/www.gu.se\/sites\/default\/files\/2020-12\/Visionsrapport%202020.pdf\" rel=\"nofollow noopener\" target=\"_blank\">gjorde<\/a> SOM-institutet en unders\u00f6kning av v\u00e4stsvenskars f\u00f6reningsliv. Svenska kyrkan hade bland den l\u00e4gsta andelen aktiva medlemmar av alla \u2013 fyra procent. Enligt f\u00f6rfattarna vittnade det om att det kyrkliga medlemskapet \u201dinte alltid \u00e4r resultatet av ett aktivt val\u201d.<\/p>\n<p>Att varannan svensk \u2013 5,4 miljoner \u2013 \u00e4r medlemmar i Svenska kyrkan 25 \u00e5r efter avknoppningen \u00e4r uppseendev\u00e4ckande m\u00e5nga. I kyrkans l\u00e5ngtidsprognos som str\u00e4cker sig fram till <a href=\"https:\/\/www.svenskakyrkan.se\/pressmeddelande\/3759191\/ny-prognos-sa-manga-medlemmar-har-svenska-kyrkan-ar-2051?channels=3116725%2C3240406&amp;lang=sv&amp;publisherId=1344892&amp;releaseId=3759191&amp;webId=528646\" rel=\"nofollow noopener\" target=\"_blank\">2051<\/a> ber\u00e4knas fortfarande n\u00e4stan fyra miljoner vara med.<\/p>\n<p><strong>Nyrekryteringen sker vid dop \u2013 d\u00e5 man automatiskt blir medlem. Att f\u00e5 f\u00f6r\u00e4ldrar att d\u00f6pa sina barn \u00e5terkommer i strategidokumenten. En bebis kan till och med bli d\u00f6pt, trots att ingen av f\u00f6r\u00e4ldrarna \u00e4r <\/strong><a href=\"https:\/\/www.svenskakyrkan.se\/dop\/barndop?\" rel=\"nofollow noopener\" target=\"_blank\"><strong>medlem.<\/strong><\/a><\/p>\n<p>Undrar varf\u00f6r? \u201dV\u00e4lkommen till v\u00e4rlden och Guds gemenskap lilla flickeflarn! H\u00e4r f\u00e5r du en dold avgift att v\u00e5ndas \u00f6ver i m\u00e5nga \u00e5r.\u201d<\/p>\n<p>Lydia W\u00e5lsten \u00e4r vikarierande ledarskribent p\u00e5 Expressen. L\u00e4s fler av hennes artiklar <a href=\"https:\/\/www.expressen.se\/av\/lydia-walsten\/\" rel=\"nofollow noopener\" target=\"_blank\">h\u00e4r.<\/a><\/p>\n<p><strong>L\u00c4S MER: <\/strong><a href=\"https:\/\/www.expressen.se\/ledare\/lydia-walsten\/darfor-kan-du-strunta-i-dricksen\/\" class=\"\" rel=\"nofollow noopener\" target=\"_blank\">D\u00e4rf\u00f6r kan du strunta i dricksen<\/a><strong>L\u00c4S MER: <\/strong><a href=\"https:\/\/www.expressen.se\/ledare\/lydia-walsten\/valjarna-lamnade-nar-m-jobbade-sent\/\" class=\"\" rel=\"nofollow noopener\" target=\"_blank\">V\u00e4ljarna l\u00e4mnade n\u00e4r M jobbade sent<\/a><\/p>\n","protected":false},"excerpt":{"rendered":"Lydia W\u00e5lsten Publicerad 22 aug 2025 kl 05.00 Det \u00e4r otroligt hur m\u00e5nga medlemmar vi fortfarande har, p\u00e5pekade&hellip;\n","protected":false},"author":2,"featured_media":10915,"comment_status":"","ping_status":"","sticky":false,"template":"","format":"standard","meta":{"footnotes":""},"categories":[12],"tags":[22,23,26,27,17,21,24,25,28,29,15,16,1522,1521,608,18,34,661,31,33,32,30,19,20],"class_list":{"0":"post-10914","1":"post","2":"type-post","3":"status-publish","4":"format-standard","5":"has-post-thumbnail","7":"category-sverige","8":"tag-breaking-news","9":"tag-breakingnews","10":"tag-featured-news","11":"tag-featurednews","12":"tag-headlines","13":"tag-huvudnyheter","14":"tag-latest-news","15":"tag-latestnews","16":"tag-main-news","17":"tag-mainnews","18":"tag-news","19":"tag-nyheter","20":"tag-organization-humanisterna","21":"tag-organization-som-institutet","22":"tag-organization-svenska-kyrkan","23":"tag-rubriker","24":"tag-se","25":"tag-sections-lydiawalsten","26":"tag-svenska","27":"tag-sverige","28":"tag-sweden","29":"tag-swedish","30":"tag-top-stories","31":"tag-topstories"},"share_on_mastodon":{"url":"","error":""},"_links":{"self":[{"href":"https:\/\/www.europesays.com\/se\/wp-json\/wp\/v2\/posts\/10914","targetHints":{"allow":["GET"]}}],"collection":[{"href":"https:\/\/www.europesays.com\/se\/wp-json\/wp\/v2\/posts"}],"about":[{"href":"https:\/\/www.europesays.com\/se\/wp-json\/wp\/v2\/types\/post"}],"author":[{"embeddable":true,"href":"https:\/\/www.europesays.com\/se\/wp-json\/wp\/v2\/users\/2"}],"replies":[{"embeddable":true,"href":"https:\/\/www.europesays.com\/se\/wp-json\/wp\/v2\/comments?post=10914"}],"version-history":[{"count":0,"href":"https:\/\/www.europesays.com\/se\/wp-json\/wp\/v2\/posts\/10914\/revisions"}],"wp:featuredmedia":[{"embeddable":true,"href":"https:\/\/www.europesays.com\/se\/wp-json\/wp\/v2\/media\/10915"}],"wp:attachment":[{"href":"https:\/\/www.europesays.com\/se\/wp-json\/wp\/v2\/media?parent=10914"}],"wp:term":[{"taxonomy":"category","embeddable":true,"href":"https:\/\/www.europesays.com\/se\/wp-json\/wp\/v2\/categories?post=10914"},{"taxonomy":"post_tag","embeddable":true,"href":"https:\/\/www.europesays.com\/se\/wp-json\/wp\/v2\/tags?post=10914"}],"curies":[{"name":"wp","href":"https:\/\/api.w.org\/{rel}","templated":true}]}}