{"id":109156,"date":"2025-12-17T16:30:48","date_gmt":"2025-12-17T16:30:48","guid":{"rendered":"https:\/\/www.europesays.com\/se\/109156\/"},"modified":"2025-12-17T16:30:48","modified_gmt":"2025-12-17T16:30:48","slug":"james-camerons-favoritanime-far-antligen-en-uppfoljare","status":"publish","type":"post","link":"https:\/\/www.europesays.com\/se\/109156\/","title":{"rendered":"James Camerons favoritanime f\u00e5r \u00e4ntligen en uppf\u00f6ljare"},"content":{"rendered":"<p>Nyligen avsl\u00f6jade Guillermo del Toro att han och James Cameron <a href=\"https:\/\/www.moviezine.se\/nyheter\/guillermo-del-toro-och-james-cameron-var-sambos-vi-kollade-pa-anime-tillsammans\" rel=\"nofollow noopener\" target=\"_blank\">en g\u00e5ng bodde ihop<\/a> och gav varandra animetips. Guillermo del Toro tipsade d\u00e5 James Cameron om \u201c<a href=\"https:\/\/www.moviezine.se\/series\/battle-angel-alita\" rel=\"nofollow noopener\" target=\"_blank\">Battle Angel Alita<\/a>\u201d medan Cameron i sin tur tipsade del Toro om \u201c<strong>Patlabor<\/strong>\u201d.<\/p>\n<p>Den senare \u00e4r en klassisk japansk anime- och mangaserie som utspelar sig i ett n\u00e4ra framtida Tokyo d\u00e4r stora robotar, kallade Labors, anv\u00e4nds som vanliga arbetsmaskiner inom bygg och industri. Serien f\u00f6ljer en underfinansierad polisenhet som ansvarar f\u00f6r brott och olyckor kopplade till dessa robotar. Ist\u00e4llet f\u00f6r episka robotkrig handlar Patlabor mer om vardagsproblem, byr\u00e5krati, teknikstrul och arbetsliv.<\/p>\n<p>Nu har regiss\u00f6ren Yutaka Izubuchi och manusf\u00f6rfattaren Kazunori Ito <a href=\"https:\/\/x.com\/mantanweb\/status\/1999777088388345995\" rel=\"nofollow\">meddelat<\/a> att de kommer sl\u00e4ppa en uppf\u00f6ljare: \u201c<strong>Patlabor EZY<\/strong>\u201d. Forts\u00e4ttningen blir en miniserie som kommer best\u00e5 av \u00e5tta delar. Produktionsstarten \u00e4r satt till 2026. Det hela uppm\u00e4rksammades f\u00f6rst av <a href=\"https:\/\/www.polygon.com\/patlabor-ezy-anime-8-episode-series-ova\/\" rel=\"nofollow noopener\" target=\"_blank\">Polygon<\/a>.<\/p>\n<p>Till skillnad fr\u00e5n tidigare delar s\u00e5 ska varje avsnitt vara frist\u00e5ende, i ett antologiformat. De produceras av ett nytt team vid animestudion J.C. Staff. Teamet inkluderar \u00e5terv\u00e4ndande Kenji Kawai (musik), Masami Yuuki (karakt\u00e4rsdesign) och produktionsbolaget Genco.<\/p>\n<p><img loading=\"lazy\" decoding=\"async\" alt=\"YouTube video\" width=\"480\" height=\"360\" data-pin-nopin=\"true\" nopin=\"nopin\" class=\"perfmatters-lazy\" src=\"https:\/\/www.europesays.com\/se\/wp-content\/uploads\/2025\/12\/1765989048_602_hqdefault.jpg\"\/><\/p>\n<p>L\u00e4s ocks\u00e5: <a href=\"https:\/\/www.moviezine.se\/nyheter\/james-cameron-slapper-annu-en-storfilm-i-3d-redan-i-var\" title=\"James Cameron sl\u00e4pper \u00e4nnu en storfilm i 3D \u2013 redan i v\u00e5r\" class=\"underline-custom !font-montserrat !font-bold !underline-offset-4 !decoration-4 !decoration-moviezine-green !text-md\" rel=\"nofollow noopener\" target=\"_blank\">James Cameron sl\u00e4pper \u00e4nnu en storfilm i 3D \u2013 redan i v\u00e5r<\/a><\/p>\n<p>L\u00e4s ocks\u00e5: <a href=\"https:\/\/www.moviezine.se\/nyheter\/stellan-skarsgard-backar-james-cameron-inga-oscars-for-netflix\" title=\"Stellan Skarsg\u00e5rd backar James Cameron: \u201dInga Oscars f\u00f6r Netflix\u201d\" class=\"underline-custom !font-montserrat !font-bold !underline-offset-4 !decoration-4 !decoration-moviezine-green !text-md\" rel=\"nofollow noopener\" target=\"_blank\">Stellan Skarsg\u00e5rd backar James Cameron: \u201dInga Oscars f\u00f6r Netflix\u201d<\/a><\/p>\n","protected":false},"excerpt":{"rendered":"Nyligen avsl\u00f6jade Guillermo del Toro att han och James Cameron en g\u00e5ng bodde ihop och gav varandra animetips.&hellip;\n","protected":false},"author":2,"featured_media":109157,"comment_status":"","ping_status":"","sticky":false,"template":"","format":"standard","meta":{"footnotes":""},"categories":[67],"tags":[12126,104,9827,34,31,33,32,30,105],"class_list":{"0":"post-109156","1":"post","2":"type-post","3":"status-publish","4":"format-standard","5":"has-post-thumbnail","7":"category-underhallning","8":"tag-anime","9":"tag-entertainment","10":"tag-james-cameron","11":"tag-se","12":"tag-svenska","13":"tag-sverige","14":"tag-sweden","15":"tag-swedish","16":"tag-underhallning"},"share_on_mastodon":{"url":"https:\/\/pubeurope.com\/@se\/115735867290691617","error":""},"_links":{"self":[{"href":"https:\/\/www.europesays.com\/se\/wp-json\/wp\/v2\/posts\/109156","targetHints":{"allow":["GET"]}}],"collection":[{"href":"https:\/\/www.europesays.com\/se\/wp-json\/wp\/v2\/posts"}],"about":[{"href":"https:\/\/www.europesays.com\/se\/wp-json\/wp\/v2\/types\/post"}],"author":[{"embeddable":true,"href":"https:\/\/www.europesays.com\/se\/wp-json\/wp\/v2\/users\/2"}],"replies":[{"embeddable":true,"href":"https:\/\/www.europesays.com\/se\/wp-json\/wp\/v2\/comments?post=109156"}],"version-history":[{"count":0,"href":"https:\/\/www.europesays.com\/se\/wp-json\/wp\/v2\/posts\/109156\/revisions"}],"wp:featuredmedia":[{"embeddable":true,"href":"https:\/\/www.europesays.com\/se\/wp-json\/wp\/v2\/media\/109157"}],"wp:attachment":[{"href":"https:\/\/www.europesays.com\/se\/wp-json\/wp\/v2\/media?parent=109156"}],"wp:term":[{"taxonomy":"category","embeddable":true,"href":"https:\/\/www.europesays.com\/se\/wp-json\/wp\/v2\/categories?post=109156"},{"taxonomy":"post_tag","embeddable":true,"href":"https:\/\/www.europesays.com\/se\/wp-json\/wp\/v2\/tags?post=109156"}],"curies":[{"name":"wp","href":"https:\/\/api.w.org\/{rel}","templated":true}]}}