{"id":109164,"date":"2025-12-17T16:38:46","date_gmt":"2025-12-17T16:38:46","guid":{"rendered":"https:\/\/www.europesays.com\/se\/109164\/"},"modified":"2025-12-17T16:38:46","modified_gmt":"2025-12-17T16:38:46","slug":"joakim-lundell-spelarpa-brannbollsyran","status":"publish","type":"post","link":"https:\/\/www.europesays.com\/se\/109164\/","title":{"rendered":"Joakim Lundell spelar\np\u00e5 Br\u00e4nnbollsyran"},"content":{"rendered":"<p>Publicerad 16 dec 2025 kl 15.01<\/p>\n<p>Joakim Lundell \u00e4r klar f\u00f6r Br\u00e4nnbollsyran i Ume\u00e5 n\u00e4sta \u00e5r.\u00a0<\/p>\n<p><img   alt=\"\"\/><\/p>\n<p>Joakim Lundell.<\/p>\n<p>Foto: Karin T\u00f6rnblom\/TT \/ TT NYHETSBYR\u00c5N<\/p>\n<p>\u00d6ppna bild i helsk\u00e4rm<\/p>\n<p>Lundell \u00e4r bokad i egenskap av dj. \u201dEtt av \u00e5rets mest efterl\u00e4ngtade framtr\u00e4danden p\u00e5 Hedlunda\u201d, skriver festivalen i ett pressmeddelande.<\/p>\n<p>Lundell har de senaste veckorna varit f\u00f6rem\u00e5l f\u00f6r granskning i SVT:s \u201dDokument inifr\u00e5n\u201d.<\/p>\n<p>Bland \u00f6vriga bokade artister p\u00e5 festivalen, som \u00e4ger rum den 5\u20137 juni, finns Black Eyed Peas, Ida-Lova, Roc Boyz och Ely Oaks.\u00a0<\/p>\n","protected":false},"excerpt":{"rendered":"Publicerad 16 dec 2025 kl 15.01 Joakim Lundell \u00e4r klar f\u00f6r Br\u00e4nnbollsyran i Ume\u00e5 n\u00e4sta \u00e5r.\u00a0 Joakim Lundell.&hellip;\n","protected":false},"author":2,"featured_media":109165,"comment_status":"","ping_status":"","sticky":false,"template":"","format":"standard","meta":{"footnotes":""},"categories":[67],"tags":[104,2470,34,775,31,33,32,30,105],"class_list":{"0":"post-109164","1":"post","2":"type-post","3":"status-publish","4":"format-standard","5":"has-post-thumbnail","7":"category-underhallning","8":"tag-entertainment","9":"tag-person-joakim-lundell","10":"tag-se","11":"tag-sections-musik","12":"tag-svenska","13":"tag-sverige","14":"tag-sweden","15":"tag-swedish","16":"tag-underhallning"},"share_on_mastodon":{"url":"https:\/\/pubeurope.com\/@se\/115735894615281236","error":""},"_links":{"self":[{"href":"https:\/\/www.europesays.com\/se\/wp-json\/wp\/v2\/posts\/109164","targetHints":{"allow":["GET"]}}],"collection":[{"href":"https:\/\/www.europesays.com\/se\/wp-json\/wp\/v2\/posts"}],"about":[{"href":"https:\/\/www.europesays.com\/se\/wp-json\/wp\/v2\/types\/post"}],"author":[{"embeddable":true,"href":"https:\/\/www.europesays.com\/se\/wp-json\/wp\/v2\/users\/2"}],"replies":[{"embeddable":true,"href":"https:\/\/www.europesays.com\/se\/wp-json\/wp\/v2\/comments?post=109164"}],"version-history":[{"count":0,"href":"https:\/\/www.europesays.com\/se\/wp-json\/wp\/v2\/posts\/109164\/revisions"}],"wp:featuredmedia":[{"embeddable":true,"href":"https:\/\/www.europesays.com\/se\/wp-json\/wp\/v2\/media\/109165"}],"wp:attachment":[{"href":"https:\/\/www.europesays.com\/se\/wp-json\/wp\/v2\/media?parent=109164"}],"wp:term":[{"taxonomy":"category","embeddable":true,"href":"https:\/\/www.europesays.com\/se\/wp-json\/wp\/v2\/categories?post=109164"},{"taxonomy":"post_tag","embeddable":true,"href":"https:\/\/www.europesays.com\/se\/wp-json\/wp\/v2\/tags?post=109164"}],"curies":[{"name":"wp","href":"https:\/\/api.w.org\/{rel}","templated":true}]}}