{"id":109168,"date":"2025-12-17T16:41:12","date_gmt":"2025-12-17T16:41:12","guid":{"rendered":"https:\/\/www.europesays.com\/se\/109168\/"},"modified":"2025-12-17T16:41:12","modified_gmt":"2025-12-17T16:41:12","slug":"satellitbilder-avslojar-hur-massmorden-doljs","status":"publish","type":"post","link":"https:\/\/www.europesays.com\/se\/109168\/","title":{"rendered":"Satellitbilder avsl\u00f6jar hur massmorden d\u00f6ljs"},"content":{"rendered":"<p>share-arrowDela<\/p>\n<p>unsaveSpara<\/p>\n<p>expand-left<\/p>\n<p>helsk\u00e4rm<img decoding=\"async\" class=\"image-asset hyperion-css-u06ts1\" data-test-tag=\"image-asset\" src=\"https:\/\/www.europesays.com\/se\/wp-content\/uploads\/2025\/12\/c697670d-bc7a-4045-bf21-214a6b15f8aa\"  alt=\"En satellitbild av staden al-Fashir i Sudan, som i slutet av oktober intogs av paramilit\u00e4ra RSF i en blodig offensiv.\"  loading=\"eager\" fetchpriority=\"high\" style=\"aspect-ratio:1900 \/ 1267\"\/>En satellitbild av staden al-Fashir i Sudan, som i slutet av oktober intogs av paramilit\u00e4ra RSF i en blodig offensiv. Foto: Planet Labs Pbc Via AP\/TT<\/p>\n<p class=\"hyperion-css-1shl3oz\" data-test-tag=\"lead-text\">Offren br\u00e4nns, begravs och f\u00f6rflyttas \u2013 allt f\u00f6r att d\u00f6lja sp\u00e5ren efter massakrerna i sudanesiska al-Fashir.<\/p>\n<p class=\"hyperion-css-1shl3oz\" data-test-tag=\"lead-text\">Den paramilit\u00e4ra RSF-styrkan har systematiskt gjort sig av med kroppar, enligt analyser av satellitbilder.<\/p>\n<p class=\"hyperion-css-1v9qo5x\">Sudans paramilit\u00e4ra RSF-styrka begick utbredda massmord n\u00e4r de intog al-Fashir i Darfurregionen i slutet av oktober, fastsl\u00e5r forskargruppen HRL (Humanitarian research lab) vid Yale-universitetet i en rapport som bygger p\u00e5 analyser av satellitbilder.<\/p>\n<p class=\"hyperion-css-1v9qo5x\">Minst 150 \u201dkluster\u201d av f\u00f6rem\u00e5l som liknar m\u00e4nniskokroppar identifierades p\u00e5 bilder studerade kort efter det att RSF tryckt ut Sudans regulj\u00e4ra arm\u00e9 fr\u00e5n al-Fashir.<\/p>\n<p class=\"hyperion-css-1v9qo5x\">Under m\u00e5naden som f\u00f6ljde fortsatte HRL att bevaka klustren fr\u00e5n ovan. I slutet av november hade 108 av dem minskat i omf\u00e5ng \u2013 och 57 hade f\u00f6rsvunnit helt, skriver forskarna i den rapport som sl\u00e4pptes p\u00e5 tisdagen. Vid \u00f6ver 30 av klustren observerades dessutom aktivitet av RSF-fordon, och vid ytterligare ett 30-tal kluster syntes brinnande objekt eller utgr\u00e4vningar.<\/p>\n<p class=\"hyperion-css-1v9qo5x\">Satellitbilderna visar att kroppar antingen br\u00e4nts, begravts eller f\u00f6rflyttats, skriver HRL, som d\u00e4rmed drar slutsatsen att RSF f\u00f6rs\u00f6kt att d\u00f6lja sp\u00e5ren efter massakrerna.<\/p>\n<p class=\"hyperion-css-1v9qo5x\">RSF har inte kommenterat Yale-rapporten, men styrkans ledare har tidigare medgett att \u201d\u00f6vertr\u00e4delser\u201d f\u00f6rekommit under er\u00f6vringen av al-Fashir.<\/p>\n<p class=\"hyperion-css-1v9qo5x\">Hur m\u00e5nga m\u00e4nniskor som d\u00f6dats i staden \u00e4r inte klarlagt, men enligt flera oberoende ber\u00e4kningar r\u00f6r det sig om tiotusentals.<\/p>\n<p>FAKTASudans inb\u00f6rdeskrig<\/p>\n<p class=\"hyperion-css-jonaf8\">Kriget i Sudan st\u00e5r mellan tv\u00e5 rivaliserande milit\u00e4ra styrkor och har rasat sedan april 2023.<\/p>\n<p class=\"hyperion-css-jonaf8\">P\u00e5 ena sidan st\u00e5r den regulj\u00e4ra arm\u00e9n, ledd av general Abd al-Fattah al-Burhan och med maktbas i ett etablissemang kring huvudstaden Khartum och Nilen i \u00f6st.<\/p>\n<p class=\"hyperion-css-jonaf8\">P\u00e5 den andra sidan st\u00e5r de s\u00e5 kallade RSF-styrkorna, ledda av Mohammed Hamdan Dagalo (kallad Hemedti). De har sitt ursprung i de s\u00e5 kallade janjawid-miliser som den tidigare diktatorn Omar al-Bashir lejde f\u00f6r att brutalt sl\u00e5 ned ett uppror i den f\u00f6r\u00f6dande och etniskt pr\u00e4glade Darfurkonflikten i b\u00f6rjan av 2000-talet.<\/p>\n<p class=\"hyperion-css-jonaf8\">al-Bashir st\u00f6rtades i en folklig protestv\u00e5g \u00e5r 2019. Men drygt tv\u00e5 \u00e5r senare tog de tv\u00e5 arm\u00e9er som han hade l\u00e4mnat efter sig \u2013 den vanliga milit\u00e4ren och RSF \u2013 makten i en gemensam milit\u00e4rkupp. Inom deras gemensamma juntastyre v\u00e4xte dock rivaliteten och till slut utbr\u00f6t fullt krig.<\/p>\n<p class=\"hyperion-css-jonaf8\">Tiotusentals m\u00e4nniskor har d\u00f6dats och ett tiotal miljoner har drivits p\u00e5 flykt, varav m\u00e5nga till fattiga grannl\u00e4nder. I Darfurregionen larmas det p\u00e5 nytt om etnisk rensning.<\/p>\n<p class=\"hyperion-css-jonaf8\">Milit\u00e4ren bed\u00f6ms ha st\u00f6d av Egypten, Saudiarabien och Qatar. RSF bed\u00f6ms f\u00e5 st\u00f6d fr\u00e5n F\u00f6renade arabemiraten.<\/p>\n<p>L\u00e4s mer<\/p>\n","protected":false},"excerpt":{"rendered":"share-arrowDela unsaveSpara expand-left helsk\u00e4rmEn satellitbild av staden al-Fashir i Sudan, som i slutet av oktober intogs av paramilit\u00e4ra&hellip;\n","protected":false},"author":2,"featured_media":109169,"comment_status":"","ping_status":"","sticky":false,"template":"","format":"standard","meta":{"footnotes":""},"categories":[14],"tags":[22,23,26,27,17,21,24,25,28,29,15,16,18,34,31,33,32,30,19,20,51,52,53,54],"class_list":{"0":"post-109168","1":"post","2":"type-post","3":"status-publish","4":"format-standard","5":"has-post-thumbnail","7":"category-varlden","8":"tag-breaking-news","9":"tag-breakingnews","10":"tag-featured-news","11":"tag-featurednews","12":"tag-headlines","13":"tag-huvudnyheter","14":"tag-latest-news","15":"tag-latestnews","16":"tag-main-news","17":"tag-mainnews","18":"tag-news","19":"tag-nyheter","20":"tag-rubriker","21":"tag-se","22":"tag-svenska","23":"tag-sverige","24":"tag-sweden","25":"tag-swedish","26":"tag-top-stories","27":"tag-topstories","28":"tag-varlden","29":"tag-world","30":"tag-world-news","31":"tag-worldnews"},"share_on_mastodon":{"url":"https:\/\/pubeurope.com\/@se\/115735906460013079","error":""},"_links":{"self":[{"href":"https:\/\/www.europesays.com\/se\/wp-json\/wp\/v2\/posts\/109168","targetHints":{"allow":["GET"]}}],"collection":[{"href":"https:\/\/www.europesays.com\/se\/wp-json\/wp\/v2\/posts"}],"about":[{"href":"https:\/\/www.europesays.com\/se\/wp-json\/wp\/v2\/types\/post"}],"author":[{"embeddable":true,"href":"https:\/\/www.europesays.com\/se\/wp-json\/wp\/v2\/users\/2"}],"replies":[{"embeddable":true,"href":"https:\/\/www.europesays.com\/se\/wp-json\/wp\/v2\/comments?post=109168"}],"version-history":[{"count":0,"href":"https:\/\/www.europesays.com\/se\/wp-json\/wp\/v2\/posts\/109168\/revisions"}],"wp:featuredmedia":[{"embeddable":true,"href":"https:\/\/www.europesays.com\/se\/wp-json\/wp\/v2\/media\/109169"}],"wp:attachment":[{"href":"https:\/\/www.europesays.com\/se\/wp-json\/wp\/v2\/media?parent=109168"}],"wp:term":[{"taxonomy":"category","embeddable":true,"href":"https:\/\/www.europesays.com\/se\/wp-json\/wp\/v2\/categories?post=109168"},{"taxonomy":"post_tag","embeddable":true,"href":"https:\/\/www.europesays.com\/se\/wp-json\/wp\/v2\/tags?post=109168"}],"curies":[{"name":"wp","href":"https:\/\/api.w.org\/{rel}","templated":true}]}}