{"id":109190,"date":"2025-12-17T17:09:13","date_gmt":"2025-12-17T17:09:13","guid":{"rendered":"https:\/\/www.europesays.com\/se\/109190\/"},"modified":"2025-12-17T17:09:13","modified_gmt":"2025-12-17T17:09:13","slug":"sebastian-lagerlund-detaljer-fran-flytt-till-orgryte","status":"publish","type":"post","link":"https:\/\/www.europesays.com\/se\/109190\/","title":{"rendered":"Sebastian Lagerlund detaljer fr\u00e5n flytt till \u00d6rgryte"},"content":{"rendered":"<p>Publicerad 17 dec 2025 kl 15.14Uppdaterad kl 17.17<\/p>\n<p>\u00d6rgryte IS f\u00f6rst\u00e4rker truppbygget inf\u00f6r allsvenskan.<\/p>\n<p>Enligt uppgifter till Expressen \u00e4r \u00d6is detaljer fr\u00e5n att v\u00e4rva Utsiktens lagkapten Sebastian Lagerlund. Mittbacken v\u00e4ntas slutf\u00f6ra flytten inom kort.<\/p>\n<p><img   alt=\"\"\/><\/p>\n<p>Sebastian Lagerlund.<\/p>\n<p>Foto: MICHAEL ERICHSEN \/ BILDBYR\u00c5N<\/p>\n<p>\u00d6ppna bild i helsk\u00e4rm<\/p>\n<p>Utsiktens lagkapten Sebastian Lagerlund l\u00e4mnar klubben efter kvalf\u00f6rlusten mot Norrby. Till n\u00e4sta s\u00e4song kommer det att bli allsvenskt spel f\u00f6r mittbacken som varit ordinarie i \u00e5r.<\/p>\n<p>Enligt uppgifter till Expressen \u00e4r den allsvenska nykomlingen \u00d6rgryte i f\u00e4rd med att g\u00f6ra klart med den skickliga f\u00f6rsvararen \u2013 d\u00e4r endast detaljer ska \u00e5terst\u00e5 innan det \u00e4r klart.<\/p>\n<p>Om inget ov\u00e4ntat intr\u00e4ffar s\u00e5 blir det ett klubbskifte inom G\u00f6teborg f\u00f6r Lagerlund som gjorde tre m\u00e5l och en assist p\u00e5 29 matcher f\u00f6r Utsikten den h\u00e4r s\u00e4songen.<\/p>\n<p>23-\u00e5ringen har en bakgrund i BK H\u00e4cken som han l\u00e4mnade 2023. Det v\u00e4ntas h\u00e4nda en hel del i \u00d6rgryte till n\u00e4sta \u00e5r. Tidigare under onsdagen avsl\u00f6jade <a href=\"https:\/\/www.expressen.se\/sport\/fotboll\/allsvenskan\/amel-mujanic-overens-med-aik-\/\" rel=\"nofollow noopener\" target=\"_blank\">Expressen<\/a> att Amel Mujanic \u00e4r \u00f6verens med AIK och att han v\u00e4ntas l\u00e4karunders\u00f6kas inom kort.<\/p>\n","protected":false},"excerpt":{"rendered":"Publicerad 17 dec 2025 kl 15.14Uppdaterad kl 17.17 \u00d6rgryte IS f\u00f6rst\u00e4rker truppbygget inf\u00f6r allsvenskan. Enligt uppgifter till Expressen&hellip;\n","protected":false},"author":2,"featured_media":109191,"comment_status":"","ping_status":"","sticky":false,"template":"","format":"standard","meta":{"footnotes":""},"categories":[68],"tags":[555,216,34,130,129,111,110,31,33,32,30],"class_list":{"0":"post-109190","1":"post","2":"type-post","3":"status-publish","4":"format-standard","5":"has-post-thumbnail","7":"category-sport","8":"tag-organization-allsvenskan","9":"tag-organization-orgryte-is","10":"tag-se","11":"tag-sections-allsvenskan","12":"tag-sections-fotboll","13":"tag-sport","14":"tag-sports","15":"tag-svenska","16":"tag-sverige","17":"tag-sweden","18":"tag-swedish"},"share_on_mastodon":{"url":"https:\/\/pubeurope.com\/@se\/115736016566533836","error":""},"_links":{"self":[{"href":"https:\/\/www.europesays.com\/se\/wp-json\/wp\/v2\/posts\/109190","targetHints":{"allow":["GET"]}}],"collection":[{"href":"https:\/\/www.europesays.com\/se\/wp-json\/wp\/v2\/posts"}],"about":[{"href":"https:\/\/www.europesays.com\/se\/wp-json\/wp\/v2\/types\/post"}],"author":[{"embeddable":true,"href":"https:\/\/www.europesays.com\/se\/wp-json\/wp\/v2\/users\/2"}],"replies":[{"embeddable":true,"href":"https:\/\/www.europesays.com\/se\/wp-json\/wp\/v2\/comments?post=109190"}],"version-history":[{"count":0,"href":"https:\/\/www.europesays.com\/se\/wp-json\/wp\/v2\/posts\/109190\/revisions"}],"wp:featuredmedia":[{"embeddable":true,"href":"https:\/\/www.europesays.com\/se\/wp-json\/wp\/v2\/media\/109191"}],"wp:attachment":[{"href":"https:\/\/www.europesays.com\/se\/wp-json\/wp\/v2\/media?parent=109190"}],"wp:term":[{"taxonomy":"category","embeddable":true,"href":"https:\/\/www.europesays.com\/se\/wp-json\/wp\/v2\/categories?post=109190"},{"taxonomy":"post_tag","embeddable":true,"href":"https:\/\/www.europesays.com\/se\/wp-json\/wp\/v2\/tags?post=109190"}],"curies":[{"name":"wp","href":"https:\/\/api.w.org\/{rel}","templated":true}]}}