{"id":109198,"date":"2025-12-17T17:15:44","date_gmt":"2025-12-17T17:15:44","guid":{"rendered":"https:\/\/www.europesays.com\/se\/109198\/"},"modified":"2025-12-17T17:15:44","modified_gmt":"2025-12-17T17:15:44","slug":"strommer-efter-gangsamtalen","status":"publish","type":"post","link":"https:\/\/www.europesays.com\/se\/109198\/","title":{"rendered":"Str\u00f6mmer efter g\u00e4ngsamtalen"},"content":{"rendered":"<p>Publicerad 17 dec 2025 kl 11.15Uppdaterad kl 12.28<\/p>\n<p>En 12-\u00e5rig pojke misst\u00e4nks f\u00f6r d\u00f6dsskjutningen i Malm\u00f6 i f\u00f6rra veckan.<\/p>\n<p>En \u201df\u00f6rf\u00e4rlig\u201d\u00a0h\u00e4ndelse, menar justitieminister Gunnar Str\u00f6mmer (M).<\/p>\n<p>\u2013 Det bekr\u00e4ftar allvaret i det l\u00e4ge som vi nu m\u00f6ter, s\u00e4ger han p\u00e5 en presstr\u00e4ff.<\/p>\n<p>17 500 bed\u00f6ms vara g\u00e4ngkriminella i Sverige.<img loading=\"lazy\"   alt=\"\"\/><\/p>\n<p>Justitieminister Gunnar Str\u00f6mmer (M).<\/p>\n<p>Foto: JENS CHRISTIAN<\/p>\n<p>\u00d6ppna bild i helsk\u00e4rm<img loading=\"lazy\"   alt=\"\"\/><\/p>\n<p>Det var i fredags som en man i 20-\u00e5rs\u00e5ldern sk\u00f6ts ihj\u00e4l i Malm\u00f6.<\/p>\n<p>Foto: Johan Nilsson \/ TT \/ TT NYHETSBYR\u00c5N<\/p>\n<p>\u00d6ppna bild i helsk\u00e4rmArtikeln i korthet<\/p>\n<p> Justitieminister Gunnar Str\u00f6mmer kommenterar d\u00f6dsskjutningen i Malm\u00f6, d\u00e4r en 12-\u00e5ring nu \u00e4r misst\u00e4nkt.<\/p>\n<p> En f\u00f6rf\u00e4rlig h\u00e4ndelse som visar vilket allvarligt l\u00e4ge Sverige befinner sig i, anser han.<\/p>\n<p> Under morgonen har samtliga partier haft m\u00f6te om g\u00e4ngkriminaliteten.<\/p>\n<p>\u00a0Str\u00f6mmer v\u00e4lkomnar samarbete men kommer inte v\u00e4nta in de partier som \u201dvill minst\u201d, s\u00e4ger han.<\/p>\n<p>Visa mer<\/p>\n<p>P\u00e5 fredagen sk\u00f6ts en man i 20-\u00e5rs\u00e5ldern ihj\u00e4l i Malm\u00f6. Misst\u00e4nkt f\u00f6r d\u00e5det <a href=\"https:\/\/www.expressen.se\/nyheter\/krim\/tolvaring-misstankt-for-dodsskjutning-i-malmo\/\" rel=\"nofollow noopener\" target=\"_blank\">\u00e4r nu en 12-\u00e5rig pojke.<\/a><\/p>\n<p>Att en s\u00e5 ung person \u00e4r misst\u00e4nkt bekr\u00e4ftar vilket allvarligt l\u00e4ge vi befinner oss i, menar <a href=\"https:\/\/www.expressen.se\/tagg\/person\/gunnar-strommer\/\" class=\"\" rel=\"nofollow noopener\" target=\"_blank\">Gunnar Str\u00f6mmer<\/a>.<\/p>\n<p>Han kallar h\u00e4ndelsen f\u00f6r en \u201df\u00f6rf\u00e4rlig skjutning\u201d.<\/p>\n<p>\u2013 Under ytan ligger ett latent hot fr\u00e5n den organiserade brottsligheten. G\u00e4ngen har ett stort v\u00e5ldskapital och de \u00e4r beredda att anv\u00e4nda det.<\/p>\n<p><strong>Blev du f\u00f6rv\u00e5nad \u00f6ver att en 12-\u00e5ring misst\u00e4nks?<\/strong><\/p>\n<p>\u2013 Nej, det kan jag inte s\u00e4ga. Upprinnelsen till diskussionen om hur vi ska hantera unga som beg\u00e5r v\u00e4ldigt allvarliga brott \u00e4r att verkligheten numera ser ut p\u00e5 det s\u00e4ttet.<\/p>\n<p>Han menar att flera \u00e5tg\u00e4rder m\u00e5ste till.<\/p>\n<p>\u2013 Vi m\u00e5ste b\u00e5de hitta verktyg f\u00f6r att ta hand om barn som beg\u00e5r s\u00e5 v\u00e4ldigt allvarliga brott, f\u00f6r att skydda samh\u00e4llet fr\u00e5n farligt v\u00e5ld. P\u00e5 ett b\u00e4ttre s\u00e4tt \u00e4n i dag bryta m\u00f6nster och ta hand om barnen, s\u00e4ger Gunnar Str\u00f6mmer.<\/p>\n<p>Regeringen vill s\u00e4nka straffbarhets\u00e5ldern till 13 \u00e5r. F\u00f6rslaget om att kunna s\u00e4tta barn i f\u00e4ngelse har f\u00e5tt h\u00e5rd kritik fr\u00e5n tunga akt\u00f6rer som polisen och Kriminalv\u00e5rden.<\/p>\n<p>M\u00e5nga befarar att det skulle leda till att \u00e4nnu yngre barn utnyttjas av g\u00e4ngen.<\/p>\n<p>\u2013 Det \u00e4r en risk som lyfts av flera och den analyserar vi noggrant, s\u00e4ger Gunnar Str\u00f6mmer.<\/p>\n<p>I \u00f6vrigt har han inga andra besked i fr\u00e5gan \u00e4n att regeringen kommer \u00e5terkomma n\u00e4r saken \u00e4r f\u00e4rdigutredd.<\/p>\n<p>Piken till S<\/p>\n<p>Uttalandena kom p\u00e5 en presstr\u00e4ff efter m\u00f6tet med de andra partierna om g\u00e4ngbrotten som h\u00f6lls p\u00e5 onsdagsf\u00f6rmiddagen. M\u00f6tet var ett svar p\u00e5 Magdalena Anderssons inbjudan om att M och S ska g\u00f6ra upp en om <a href=\"https:\/\/www.expressen.se\/nyheter\/politik\/socialdemokraterna-vill-inga-i-tioarspakt-med-moderaterna-mot-gangen\/\" rel=\"nofollow noopener\" target=\"_blank\">tio\u00e5rspakt mot g\u00e4ngen<\/a>.<\/p>\n<p>Justitieministern bj\u00f6d i st\u00e4llet in alla riksdagspartier.<\/p>\n<p>Efter\u00e5t s\u00e4ger han att det var b\u00e4ttre eftersom V\u00e4nsterpartiet och Milj\u00f6partiet ing\u00e5r i Anderssons regeringsunderlag.<\/p>\n<p>\u2013 Under mandatperioden har stora delar av Magdalena Anderssons regeringsunderlag r\u00f6stat nej till v\u00e4ldigt m\u00e5nga av de reformer jag har lagt fram, s\u00e4ger Str\u00f6mmer.<\/p>\n<p>Han s\u00e4ger sig vara beredd att samarbeta med alla som vill \u201dhoppa p\u00e5 t\u00e5get\u201d.<\/p>\n<p>\u2013 Jag var ocks\u00e5 v\u00e4ldigt tydlig med att t\u00e5get inte kommer att st\u00e5 kvar p\u00e5 stationen och v\u00e4nta in dem som vill minst. Det har Sverige varken tid eller r\u00e5d med.<\/p>\n<p>Hittills i \u00e5r har skjutningarna halverats, forts\u00e4tter han.<\/p>\n<p>Annons<\/p>\n<p>\u2013 Vi ser nu att nya g\u00e4nglagar, resurser och arbetss\u00e4tt b\u00f6rjar bita \u2013 och bita rej\u00e4lt, s\u00e4ger Gunnar Str\u00f6mmer.<\/p>\n<p>Uppmaningen: Ta ledartr\u00f6jan<\/p>\n<p>Justitieministern skickar ocks\u00e5 ytterligare en pik mot Socialdemokraterna. F\u00f6r att reformer som rivna sekretesshinder mellan myndigheter, \u00f6kad m\u00f6jlighet att anv\u00e4nda ordningsvakter och kamerabevakning ska f\u00e5 fullt genomslag kr\u00e4vs att kommuner och regioner g\u00f6r sitt.<\/p>\n<p>\u2013 Inte minst Stockholm, G\u00f6teborg och Malm\u00f6 som alla styrs av Socialdemokraterna m\u00e5ste ta ledartr\u00f6jan och flytta fram positionerna rej\u00e4lt p\u00e5 det h\u00e4r omr\u00e5det, s\u00e4ger han.<\/p>\n<p>Det har hittills inte skett, enligt honom.<\/p>\n<p>\u2013 Socialdemokraterna s\u00e4ger ofta en sak nationellt men g\u00f6r en helt annan sak lokalt. Det p\u00e5verkar naturligtvis trov\u00e4rdigheten.<\/p>\n<p>S: Gr\u00e4v ner stridsyxan<\/p>\n<p>Socialdemokraterinas r\u00e4ttspolitiska talesperson Teresa Carvalho har tidigare s\u00e5gat statsminister Ulf Kristersson f\u00f6r att inte ha svarat p\u00e5 Anderssons inbjudan om en tio\u00e5rspakt.<\/p>\n<p>Nu \u00e4r det dags att gr\u00e4va ner stridsyxan, menar hon, och s\u00e4ger vidare att partiet f\u00f6rv\u00e4ntar sig \u201d\u00e5terkoppling p\u00e5 v\u00e5ra f\u00f6rslag efter jul\u201d.<\/p>\n<p>\u201dG\u00e4ngv\u00e5ldet forts\u00e4tter och drabbar allt fler. Nyrekryteringen skenar. Det \u00e4r dags f\u00f6r alla politiska partier att gr\u00e4va ned stridsyxan och g\u00f6ra allt som kr\u00e4vs f\u00f6r att l\u00f6sa problemen\u201d, s\u00e4ger hon i en kommentar.<\/p>\n","protected":false},"excerpt":{"rendered":"Publicerad 17 dec 2025 kl 11.15Uppdaterad kl 12.28 En 12-\u00e5rig pojke misst\u00e4nks f\u00f6r d\u00f6dsskjutningen i Malm\u00f6 i f\u00f6rra&hellip;\n","protected":false},"author":2,"featured_media":109199,"comment_status":"","ping_status":"","sticky":false,"template":"","format":"standard","meta":{"footnotes":""},"categories":[5],"tags":[22,23,26,27,17,21,24,25,28,29,15,16,43,1459,18,34,583,31,33,32,30,19,668,2057,20],"class_list":{"0":"post-109198","1":"post","2":"type-post","3":"status-publish","4":"format-standard","5":"has-post-thumbnail","7":"category-rubriker","8":"tag-breaking-news","9":"tag-breakingnews","10":"tag-featured-news","11":"tag-featurednews","12":"tag-headlines","13":"tag-huvudnyheter","14":"tag-latest-news","15":"tag-latestnews","16":"tag-main-news","17":"tag-mainnews","18":"tag-news","19":"tag-nyheter","20":"tag-organization-regeringen","21":"tag-person-gunnar-strommer","22":"tag-rubriker","23":"tag-se","24":"tag-sections-politik","25":"tag-svenska","26":"tag-sverige","27":"tag-sweden","28":"tag-swedish","29":"tag-top-stories","30":"tag-topic-gangkriminalitet","31":"tag-topic-kriminalpolitik","32":"tag-topstories"},"share_on_mastodon":{"url":"https:\/\/pubeurope.com\/@se\/115736040136328089","error":""},"_links":{"self":[{"href":"https:\/\/www.europesays.com\/se\/wp-json\/wp\/v2\/posts\/109198","targetHints":{"allow":["GET"]}}],"collection":[{"href":"https:\/\/www.europesays.com\/se\/wp-json\/wp\/v2\/posts"}],"about":[{"href":"https:\/\/www.europesays.com\/se\/wp-json\/wp\/v2\/types\/post"}],"author":[{"embeddable":true,"href":"https:\/\/www.europesays.com\/se\/wp-json\/wp\/v2\/users\/2"}],"replies":[{"embeddable":true,"href":"https:\/\/www.europesays.com\/se\/wp-json\/wp\/v2\/comments?post=109198"}],"version-history":[{"count":0,"href":"https:\/\/www.europesays.com\/se\/wp-json\/wp\/v2\/posts\/109198\/revisions"}],"wp:featuredmedia":[{"embeddable":true,"href":"https:\/\/www.europesays.com\/se\/wp-json\/wp\/v2\/media\/109199"}],"wp:attachment":[{"href":"https:\/\/www.europesays.com\/se\/wp-json\/wp\/v2\/media?parent=109198"}],"wp:term":[{"taxonomy":"category","embeddable":true,"href":"https:\/\/www.europesays.com\/se\/wp-json\/wp\/v2\/categories?post=109198"},{"taxonomy":"post_tag","embeddable":true,"href":"https:\/\/www.europesays.com\/se\/wp-json\/wp\/v2\/tags?post=109198"}],"curies":[{"name":"wp","href":"https:\/\/api.w.org\/{rel}","templated":true}]}}