{"id":109208,"date":"2025-12-17T17:26:14","date_gmt":"2025-12-17T17:26:14","guid":{"rendered":"https:\/\/www.europesays.com\/se\/109208\/"},"modified":"2025-12-17T17:26:14","modified_gmt":"2025-12-17T17:26:14","slug":"avslojar-buset-i-tv4s-robinson-snodde-saker","status":"publish","type":"post","link":"https:\/\/www.europesays.com\/se\/109208\/","title":{"rendered":"Avsl\u00f6jar buset i TV4:s Robinson: Snodde saker"},"content":{"rendered":"<p>Publicerad 17 dec 2025 kl 14.12Uppdaterad kl 15.38<\/p>\n<p>I TV4:s \u201dRobinson\u201d erbjuds inget \u00f6verfl\u00f6d.<br \/>Men det finns de som f\u00f6rs\u00f6ker g\u00f6ra sin vistelse p\u00e5 \u00f6n mer bekv\u00e4m.<\/p>\n<p>Nu avsl\u00f6jar deltagaren Matteo Pasero, 23, hur han snodde b\u00e5de det ena och det andra fr\u00e5n produktionen.\u00a0<\/p>\n<p><img loading=\"lazy\"   alt=\"\"\/><\/p>\n<p>H\u00f6stens deltagare i \u201dRobinson\u201d och programledaren Martin J\u00e4rborg.<\/p>\n<p>Foto: Calle Hjortzberg \/ TV4<\/p>\n<p>\u00d6ppna bild i helsk\u00e4rm<img loading=\"lazy\"   alt=\"\"\/><\/p>\n<p>Matteo Pasero, 23, utf\u00f6rde sm\u00e5 hyss p\u00e5 stranden.<\/p>\n<p>Foto: Calle Hjortzberg \/ TV4<\/p>\n<p>\u00d6ppna bild i helsk\u00e4rm<img loading=\"lazy\"   alt=\"\"\/> <\/p>\n<p>Foto: Instagram.<\/p>\n<p>\u00d6ppna bild i helsk\u00e4rm<\/p>\n<p>Matteo Pasero, 23, ber\u00e4ttar att han gjorde flera hyss under sin \u201d<a href=\"https:\/\/www.expressen.se\/tagg\/organization\/robinson\/\" class=\"\" rel=\"nofollow noopener\" target=\"_blank\">Robinson<\/a>\u201d-vistelse. Tristessen p\u00e5 \u00f6n fick honom att b\u00e5de planera och genomf\u00f6ra sm\u00e5 st\u00f6lder.\u00a0<\/p>\n<p>\u2013 N\u00e4r man \u00e4r d\u00e4r p\u00e5 \u00f6n \u00e4r det otroligt mycket d\u00f6tid. Man b\u00f6rjar leka med tanken, \u201dhur skulle jag kunna sno det d\u00e4r?\u201d. Jag \u00e4lskar ruset, s\u00e5 att kunna g\u00f6mma en nagelsax och komma undan med det var j\u00e4ttekul, s\u00e4ger Matteo Pasero.<\/p>\n<p>Just nagelsaxen g\u00f6mde han tillsammans med en tub tandkr\u00e4m i badshortsen efter sin spavistelse som han vann ihop med Samuel \u201dNutti\u201d Stenman.<\/p>\n<p>Han plockade ocks\u00e5 p\u00e5 sig en tuschpenna, en filt och en pannlampa under olika tillf\u00e4llen d\u00e5 produktionen s\u00e5g \u00e5t ett annat h\u00e5ll.\u00a0<\/p>\n<p><strong>Vad tyckte de andra deltagarna?<\/strong><\/p>\n<p>\u2013 De hade koll p\u00e5 det. N\u00e4r jag snodde pannlampan tyckte alla det var toppenbra. Det var riskfyllt p\u00e5 natten att g\u00e5 och h\u00e4mta vatten f\u00f6r det var kolsvart. D\u00e5 var pannlampan anv\u00e4ndbar.<\/p>\n<p>\u201dDen beh\u00f6ll jag f\u00f6r mig sj\u00e4lv\u201d<\/p>\n<p>Den enda \u201dmaten\u201d han snodde, var en senapsburk och ett pepparkar efter en grillmiddag som laget vann.\u00a0<\/p>\n<p>\u2013 Vi doppade fingret i senapsburken flera g\u00e5nger om dagen f\u00f6r det var s\u00e5 gott.\u00a0<\/p>\n<p>Att det skulle vara fusk han sysslat med h\u00e5ller han inte med om.\u00a0<\/p>\n<p>\u2013 Nej, jag ser inte hur det skulle kunna vara fusk. Sen \u00e4r det aldrig r\u00e4tt att sno saker. Men jag tog inget som kunde avg\u00f6ra n\u00e5got i t\u00e4vlingarna eller s\u00e5, jag fick ingen extra n\u00e4ring.\u00a0<\/p>\n<p>Dessutom delade han med sig av alla saker han tog, f\u00f6rutom tandkr\u00e4men.\u00a0<\/p>\n<p>\u2013 Den beh\u00f6ll jag f\u00f6r mig sj\u00e4lv. Men en av de sista kv\u00e4llarna fick Anja testa p\u00e5 den, hon \u00e4r trots allt tandl\u00e4kare. Hon blev otroligt glad.\u00a0<\/p>\n<p>Expressen har s\u00f6kt TV4.<\/p>\n<p><img alt=\"\"\/>Ljudklippet gick inte att spela upp<\/p>\n<p>F\u00f6rs\u00f6k igen senare<\/p>\n","protected":false},"excerpt":{"rendered":"Publicerad 17 dec 2025 kl 14.12Uppdaterad kl 15.38 I TV4:s \u201dRobinson\u201d erbjuds inget \u00f6verfl\u00f6d.Men det finns de som&hellip;\n","protected":false},"author":2,"featured_media":109209,"comment_status":"","ping_status":"","sticky":false,"template":"","format":"standard","meta":{"footnotes":""},"categories":[67],"tags":[104,3114,384,34,31,33,32,30,105],"class_list":{"0":"post-109208","1":"post","2":"type-post","3":"status-publish","4":"format-standard","5":"has-post-thumbnail","7":"category-underhallning","8":"tag-entertainment","9":"tag-organization-robinson","10":"tag-organization-tv4","11":"tag-se","12":"tag-svenska","13":"tag-sverige","14":"tag-sweden","15":"tag-swedish","16":"tag-underhallning"},"share_on_mastodon":{"url":"https:\/\/pubeurope.com\/@se\/115736083429152141","error":""},"_links":{"self":[{"href":"https:\/\/www.europesays.com\/se\/wp-json\/wp\/v2\/posts\/109208","targetHints":{"allow":["GET"]}}],"collection":[{"href":"https:\/\/www.europesays.com\/se\/wp-json\/wp\/v2\/posts"}],"about":[{"href":"https:\/\/www.europesays.com\/se\/wp-json\/wp\/v2\/types\/post"}],"author":[{"embeddable":true,"href":"https:\/\/www.europesays.com\/se\/wp-json\/wp\/v2\/users\/2"}],"replies":[{"embeddable":true,"href":"https:\/\/www.europesays.com\/se\/wp-json\/wp\/v2\/comments?post=109208"}],"version-history":[{"count":0,"href":"https:\/\/www.europesays.com\/se\/wp-json\/wp\/v2\/posts\/109208\/revisions"}],"wp:featuredmedia":[{"embeddable":true,"href":"https:\/\/www.europesays.com\/se\/wp-json\/wp\/v2\/media\/109209"}],"wp:attachment":[{"href":"https:\/\/www.europesays.com\/se\/wp-json\/wp\/v2\/media?parent=109208"}],"wp:term":[{"taxonomy":"category","embeddable":true,"href":"https:\/\/www.europesays.com\/se\/wp-json\/wp\/v2\/categories?post=109208"},{"taxonomy":"post_tag","embeddable":true,"href":"https:\/\/www.europesays.com\/se\/wp-json\/wp\/v2\/tags?post=109208"}],"curies":[{"name":"wp","href":"https:\/\/api.w.org\/{rel}","templated":true}]}}