{"id":109212,"date":"2025-12-17T17:35:18","date_gmt":"2025-12-17T17:35:18","guid":{"rendered":"https:\/\/www.europesays.com\/se\/109212\/"},"modified":"2025-12-17T17:35:18","modified_gmt":"2025-12-17T17:35:18","slug":"kopte-vip-biljetter-till-carola-for-2-700-kronor-sag-ingenting","status":"publish","type":"post","link":"https:\/\/www.europesays.com\/se\/109212\/","title":{"rendered":"K\u00f6pte vip-biljetter till Carola f\u00f6r 2 700 kronor \u2013 s\u00e5g ingenting"},"content":{"rendered":"<p>Publicerad 17 dec 2025 kl 18.28<\/p>\n<p>2 700 kronor kostade det Liselotte Erndin att se Carolas julkonsert fr\u00e5n f\u00f6rsta parkett.<\/p>\n<p>Men vip-upplevelsen i Scandinavium blev en enorm besvikelse.<\/p>\n<p>\u2013 Jag skulle s\u00e4ga att vi hade n\u00e5gra av de s\u00e4msta platserna i hela arenan, s\u00e4ger Erndin.\u00a0<\/p>\n<p>Senaste klippen fr\u00e5n Expressen inom n\u00f6je.<img   alt=\"\"\/><\/p>\n<p>Carola H\u00e4ggkvist i Scandinavium.<\/p>\n<p>Foto: NISSE NILSSON \/ STELLA PICTURES<\/p>\n<p>\u00d6ppna bild i helsk\u00e4rm<img loading=\"lazy\"   alt=\"\"\/><\/p>\n<p>Liselotte Erndin \u00e4r besviken efter julkonserten i G\u00f6teborg.<\/p>\n<p>Foto: Privat<\/p>\n<p>\u00d6ppna bild i helsk\u00e4rm<\/p>\n<p>Kalmarbon Liselotte Erndin har suttit i publiken under flera av <a href=\"https:\/\/www.expressen.se\/tagg\/person\/carola-haggkvist\/\" class=\"\" rel=\"nofollow noopener\" target=\"_blank\">Carola H\u00e4ggkvists<\/a> julkonserter genom \u00e5ren och i helgen s\u00e5g hon fram emot att se Carola igen, denna g\u00e5ng i Scandinavium i G\u00f6teborg.<\/p>\n<p>Hon och en v\u00e4ninna k\u00f6pte vip-biljetter, vilket Erdin tidigare gjort och varit n\u00f6jd med, och denna g\u00e5ng landade priset p\u00e5 2 700 kronor per biljett.<\/p>\n<p>V\u00e4ninnorna skulle d\u00e5 f\u00e5 sitta p\u00e5 de exklusiva platserna i kategorin \u201dSeats of Honor\u201d men de fick l\u00e5ngt ifr\u00e5n vad de blev lovade av arrang\u00f6ren FKP Scorpio, vilket TV4 Nyheterna var f\u00f6rst att uppm\u00e4rksamma.<\/p>\n<p>Platserna skulle ge \u201dkomfort, n\u00e4rhet och exklusivitet\u201d, men v\u00e4ninnorna placerades just nedanf\u00f6r den h\u00f6ga scenkanten \u2013 n\u00e4r konserten drog i g\u00e5ng kunde Erndin knappt se Carola.<\/p>\n<p>\u2013 Scenen \u00e4r s\u00e5 h\u00f6g s\u00e5 att n\u00e4r man s\u00e4tter sig ner p\u00e5 de h\u00e4r stolarna s\u00e5 ser man en svart v\u00e4gg. L\u00e4ngst upp p\u00e5 den svarta v\u00e4ggen \u00e4r det massa ljus. Du ser inte scenen. Du ser ingenting, du ser ljus. Vi var j\u00e4ttebesvikna, s\u00e4ger hon till Expressen.\u00a0<\/p>\n<p>De som betalat en tredjedel hade b\u00e4ttre sikt<img loading=\"lazy\"   alt=\"\"\/><\/p>\n<p>Liselotte Erndins sikt fr\u00e5n sin vip-plats.<\/p>\n<p>Foto: Privat<\/p>\n<p>\u00d6ppna bild i helsk\u00e4rm<\/p>\n<p>N\u00e4r Liselotte Erndin tidigare suttit p\u00e5 vip-sektionen under Carolas julkonserter har det varit de b\u00e4sta platserna i lokalen, funnits gl\u00f6gg och Erndin har till och med f\u00e5tt mingla med artisten sj\u00e4lv.<\/p>\n<p>N\u00e4r konserten drog i g\u00e5ng i Scandinavium s\u00e5g v\u00e4ninnorna som mest Carolas huvud, eller hennes bakdel.\u00a0<\/p>\n<p>\u2013 L\u00e5nga stunder gick hon ner fram\u00e5t. D\u00e5 s\u00e5g vi henne inte alls. Det \u00e4r inte det man betalar 2 500 f\u00f6r, s\u00e4ger hon och forts\u00e4tter:<\/p>\n<p>\u2013 De som har betalat en tredjedel av vad vi har gjort s\u00e5g b\u00e4ttre. Jag skulle s\u00e4ga att vi hade n\u00e5gra av de s\u00e4msta platserna i hela arenan.\u00a0<\/p>\n<p>Carolas management bad om urs\u00e4kt<\/p>\n<p>Efter konserten skrev Liselotte Erndin ett l\u00e5ngt inl\u00e4gg p\u00e5 Facebook d\u00e4r hon uttryckte sin frustration. D\u00e4refter fick hon ett samtal fr\u00e5n Carolas presskontakt som bad om urs\u00e4kt och sa att Carola varit ledsen \u00f6ver v\u00e4ninnornas upplevelse.\u00a0<\/p>\n<p>De ville g\u00e4rna kompensera duon med biljetter till en framtida konsert med Carola.<\/p>\n<p>Hon blev dock tillsagd att h\u00f6ra av sig till FKP Scorpio g\u00e4llande kompensation. Arrang\u00f6ren har erbjudit henne 1 000 kronor tillbaka per biljett, men det \u00e4r inte Erndin n\u00f6jd med.\u00a0<\/p>\n<p>\u2013 Biljetterna kostade, med avbest\u00e4llning, 2 700 kronor. S\u00e5 vi tycker inte att det \u00e4r okej. F\u00f6r d\u00e5 \u00e4r det \u00e4nd\u00e5 1 700 sp\u00e4nn som jag har betalat f\u00f6r att se en v\u00e4gg. S\u00e5 vi vill ha pengarna tillbaka.\u00a0<\/p>\n<p>FKP Scorpio: B\u00e4st att framf\u00f6ra klagom\u00e5l p\u00e5 plats<\/p>\n<p>TV4 Nyheterna, som var f\u00f6rst att skriva om h\u00e4ndelsen, har varit i mejlkontakt med FKP Scorpio.\u00a0<\/p>\n<p>\u201d\u00d6verlag \u00e4r det alltid b\u00e4st att framf\u00f6ra s\u00e5na klagom\u00e5l p\u00e5 plats under konserten, d\u00e5 brukar vi g\u00f6ra v\u00e5rt b\u00e4sta f\u00f6r att hitta andra platser\u201d, skriver han.\u00a0<\/p>\n<p>Vidare skriver Durm\u00e9r att vip-biljetterna ut\u00f6ver n\u00e4rheten till scenen inkluderade bekv\u00e4mare stolar, gl\u00f6gg innan konserten och en liten julklapp.\u00a0<\/p>\n<p>\u201dJag tycker att bes\u00f6karen som ni har varit i kontakt med ska h\u00f6ra av sig till oss som arrang\u00f6rer, s\u00e5 att vi kan kolla ifall det \u00e4r n\u00e5got som har brustit g\u00e4llande scenh\u00f6jden och dessa platser\u201d.<\/p>\n","protected":false},"excerpt":{"rendered":"Publicerad 17 dec 2025 kl 18.28 2 700 kronor kostade det Liselotte Erndin att se Carolas julkonsert fr\u00e5n&hellip;\n","protected":false},"author":2,"featured_media":109213,"comment_status":"","ping_status":"","sticky":false,"template":"","format":"standard","meta":{"footnotes":""},"categories":[67],"tags":[104,12128,2680,34,31,33,32,30,143,105],"class_list":{"0":"post-109212","1":"post","2":"type-post","3":"status-publish","4":"format-standard","5":"has-post-thumbnail","7":"category-underhallning","8":"tag-entertainment","9":"tag-location-scandinavium","10":"tag-person-carola-haggkvist","11":"tag-se","12":"tag-svenska","13":"tag-sverige","14":"tag-sweden","15":"tag-swedish","16":"tag-topic-konsert","17":"tag-underhallning"},"share_on_mastodon":{"url":"https:\/\/pubeurope.com\/@se\/115736118813777357","error":""},"_links":{"self":[{"href":"https:\/\/www.europesays.com\/se\/wp-json\/wp\/v2\/posts\/109212","targetHints":{"allow":["GET"]}}],"collection":[{"href":"https:\/\/www.europesays.com\/se\/wp-json\/wp\/v2\/posts"}],"about":[{"href":"https:\/\/www.europesays.com\/se\/wp-json\/wp\/v2\/types\/post"}],"author":[{"embeddable":true,"href":"https:\/\/www.europesays.com\/se\/wp-json\/wp\/v2\/users\/2"}],"replies":[{"embeddable":true,"href":"https:\/\/www.europesays.com\/se\/wp-json\/wp\/v2\/comments?post=109212"}],"version-history":[{"count":0,"href":"https:\/\/www.europesays.com\/se\/wp-json\/wp\/v2\/posts\/109212\/revisions"}],"wp:featuredmedia":[{"embeddable":true,"href":"https:\/\/www.europesays.com\/se\/wp-json\/wp\/v2\/media\/109213"}],"wp:attachment":[{"href":"https:\/\/www.europesays.com\/se\/wp-json\/wp\/v2\/media?parent=109212"}],"wp:term":[{"taxonomy":"category","embeddable":true,"href":"https:\/\/www.europesays.com\/se\/wp-json\/wp\/v2\/categories?post=109212"},{"taxonomy":"post_tag","embeddable":true,"href":"https:\/\/www.europesays.com\/se\/wp-json\/wp\/v2\/tags?post=109212"}],"curies":[{"name":"wp","href":"https:\/\/api.w.org\/{rel}","templated":true}]}}