{"id":109220,"date":"2025-12-17T17:42:11","date_gmt":"2025-12-17T17:42:11","guid":{"rendered":"https:\/\/www.europesays.com\/se\/109220\/"},"modified":"2025-12-17T17:42:11","modified_gmt":"2025-12-17T17:42:11","slug":"yuki-tsunoda-dyker-upp-pa-ica-kvantum-i-boden-formel-1-stjarnan-chockar","status":"publish","type":"post","link":"https:\/\/www.europesays.com\/se\/109220\/","title":{"rendered":"Yuki Tsunoda dyker upp p\u00e5 Ica Kvantum i Boden \u2022 Formel 1-stj\u00e4rnan chockar"},"content":{"rendered":"<p>Publicerad 17 dec 2025 kl 15.12Uppdaterad kl 15.33<\/p>\n<p>Ludvig Lundholm, 25, skulle handla efter jobbet. D\u00e5 fick han en chock n\u00e4r v\u00e4rldsstj\u00e4rnan Yuki Tsunoda d\u00f6k upp p\u00e5 Ica i Boden.<\/p>\n<p>\u2013 Det \u00e4r nog bland det sjukare som har h\u00e4nt h\u00e4r uppe, s\u00e4ger han.<\/p>\n<p><img   alt=\"\"\/><\/p>\n<p>Yuki Tsunoda och Ludvig Lundholm.<\/p>\n<p>Foto: Privat<\/p>\n<p>\u00d6ppna bild i helsk\u00e4rm<img loading=\"lazy\"   alt=\"\"\/><\/p>\n<p>Ica Kvantum i Boden.<\/p>\n<p>Foto: Google Maps<\/p>\n<p>\u00d6ppna bild i helsk\u00e4rmArtikeln i korthet<\/p>\n<p> Formel 1-stj\u00e4rnan Yuki Tsunoda d\u00f6k ov\u00e4ntat upp p\u00e5 Ica i Boden.<\/p>\n<p> D\u00e4r lyckades Ludvig Lundholm kn\u00e4ppa en selfie med stj\u00e4rnan<\/p>\n<p> Tsunoda syntes bland annat lyfta p\u00e5 en purjol\u00f6k<\/p>\n<p>Visa mer<\/p>\n<p>Nyligen meddelade formel 1-stallet Red Bull Racing att deras f\u00f6rare den g\u00e5nga s\u00e4songen, \u00a0Yuki Tsunoda, 25, inte f\u00e5r f\u00f6rnyat f\u00f6rtroende p\u00e5 startgridden. Ist\u00e4llet f\u00e5r japanen agera reservf\u00f6rare den kommande s\u00e4songen.\u00a0<\/p>\n<p>Efter nyheten har Tsunoda h\u00e5llit l\u00e5g profil men gjorde nyligen ett ov\u00e4ntat bes\u00f6k \u2013 p\u00e5 Ica Kvantum i <a href=\"https:\/\/www.expressen.se\/tagg\/location\/boden\/\" class=\"\" rel=\"nofollow noopener\" target=\"_blank\">Boden<\/a>.<\/p>\n<p>Ludvig Lundholm, 25, s\u00e5g tre m\u00e4n st\u00e5 och prata p\u00e5 engelska vid br\u00f6dhyllan. En av dem k\u00e4nde han igen. Efter lite efterforskningar p\u00e5 sociala medier v\u00e5gade Lundholm n\u00e4rma sig.\u00a0<\/p>\n<p>\u2013 Det var ju lite komiskt att jag skulle handla n\u00e5gonting just d\u00e4r han stod ocks\u00e5 Jag gick fram lite n\u00e4rmare och s\u00e5 fr\u00e5gade jag: \u201dYuki, is it you?\u201d Och han bara: \u201dYes\u201d. D\u00e5 fr\u00e5gade jag ifall jag kunde ta en bild med honom. D\u00e5 var det yes ocks\u00e5. S\u00e5 det var liksom inget mer med det d\u00e4r.<\/p>\n<p>\u201dBland det sjukare som har h\u00e4nt\u201d<\/p>\n<p>N\u00e5gon st\u00f6rre rusning efter stj\u00e4rnan blev det inte i butiken. Enligt Lundholm har folk i efterhand knappt trott att Tsunoda var p\u00e5 plats.<\/p>\n<p>\u2013 Det h\u00e4r var ju bland det sjukare som har h\u00e4nt h\u00e4r uppe kan jag t\u00e4nka mig. Jag s\u00e5g honom plocka en purjol\u00f6k. Han sa \u201dwhat is this\u201d eller n\u00e5t s\u00e5nt. Det h\u00f6rde jag lite vagt. S\u00e5 det var&#8230; Han \u00e4r ju intresserad av att bli kock, han borde h\u00e5lla koll p\u00e5 vad en purjol\u00f6k \u00e4r kan man ju tycka, s\u00e4ger Lundholm med ett skratt.<\/p>\n<p>\u2013 Men han kanske bara undrade vad det stod p\u00e5 lappen.<\/p>\n<p>Tog l\u00e4ngre tid \u00e4n vanligt<\/p>\n<p>Som boende i Boden ser Lundholm hockeyspelare lite d\u00e5 och d\u00e5, men en stj\u00e4rna av Tsunodas dignitet har han aldrig m\u00f6tt. De st\u00f6tte ihop en g\u00e5ng till i butiken, men d\u00e5 tog Lundholm en omv\u00e4g f\u00f6r att inte st\u00f6ta in i Tsunoda p\u00e5 nytt.<\/p>\n<p>\u2013 Jag k\u00e4nde att \u201dnu l\u00e5ter jag han vara\u201d annars kanske det blir f\u00f6r mycket. Jag tappade ju lite bort vad jag skulle handla och s\u00e5 d\u00e4r. Jag gl\u00f6mde faktiskt ingenting, men det tog l\u00e4ngre tid och jag fick kolla p\u00e5 lappen flera g\u00e5nger efter chocken.<\/p>\n<p>Det verkade d\u00e4remot inte bli n\u00e5got energidrycksink\u00f6p f\u00f6r Red Bull-stj\u00e4rnan.<\/p>\n<p>\u2013 Men det var lite komiskt, s\u00e4ger Ludvig Lundholm.\u00a0<\/p>\n<p>\u2013\u00a0Det var extrapris p\u00e5 Lando Norris Monster-dryck, s\u00e5 det hade ju&#8230; Det hade ju varit kul om han plockade en s\u00e5n!<\/p>\n<p>Flera motorstj\u00e4rnor har tidigare befunnit sig i norra Sverige f\u00f6r att testk\u00f6ra sina bilar p\u00e5 is. Enligt Lundholm d\u00f6k Tsunoda \u00e4ven upp p\u00e5 skidanl\u00e4ggningen Storklinten i n\u00e4rheten av Boden, d\u00e4r det japanska alpinlandslaget befann sig.<\/p>\n<p><strong>L\u00c4S MER: <\/strong><a href=\"https:\/\/www.expressen.se\/sport\/motor\/formel-1\/arvid-lindblad-klar-for-formel-1\/\" class=\"\" rel=\"nofollow noopener\" target=\"_blank\">Arvid Lindblad klar f\u00f6r formel 1<\/a><strong>L\u00c4S MER: <\/strong><a href=\"https:\/\/www.expressen.se\/sport\/motor\/formel-1\/helmut-marko-lamnar-f1-efter-20-ar\/\" class=\"\" rel=\"nofollow noopener\" target=\"_blank\">Helmut Marko l\u00e4mnar F1 efter 20 \u00e5r<\/a><\/p>\n","protected":false},"excerpt":{"rendered":"Publicerad 17 dec 2025 kl 15.12Uppdaterad kl 15.33 Ludvig Lundholm, 25, skulle handla efter jobbet. D\u00e5 fick han&hellip;\n","protected":false},"author":2,"featured_media":109221,"comment_status":"","ping_status":"","sticky":false,"template":"","format":"standard","meta":{"footnotes":""},"categories":[68],"tags":[3048,2338,34,2336,562,111,110,31,33,32,30],"class_list":{"0":"post-109220","1":"post","2":"type-post","3":"status-publish","4":"format-standard","5":"has-post-thumbnail","7":"category-sport","8":"tag-location-boden","9":"tag-organization-formel-1","10":"tag-se","11":"tag-sections-formel-1","12":"tag-sections-motor","13":"tag-sport","14":"tag-sports","15":"tag-svenska","16":"tag-sverige","17":"tag-sweden","18":"tag-swedish"},"share_on_mastodon":{"url":"https:\/\/pubeurope.com\/@se\/115736146387478970","error":""},"_links":{"self":[{"href":"https:\/\/www.europesays.com\/se\/wp-json\/wp\/v2\/posts\/109220","targetHints":{"allow":["GET"]}}],"collection":[{"href":"https:\/\/www.europesays.com\/se\/wp-json\/wp\/v2\/posts"}],"about":[{"href":"https:\/\/www.europesays.com\/se\/wp-json\/wp\/v2\/types\/post"}],"author":[{"embeddable":true,"href":"https:\/\/www.europesays.com\/se\/wp-json\/wp\/v2\/users\/2"}],"replies":[{"embeddable":true,"href":"https:\/\/www.europesays.com\/se\/wp-json\/wp\/v2\/comments?post=109220"}],"version-history":[{"count":0,"href":"https:\/\/www.europesays.com\/se\/wp-json\/wp\/v2\/posts\/109220\/revisions"}],"wp:featuredmedia":[{"embeddable":true,"href":"https:\/\/www.europesays.com\/se\/wp-json\/wp\/v2\/media\/109221"}],"wp:attachment":[{"href":"https:\/\/www.europesays.com\/se\/wp-json\/wp\/v2\/media?parent=109220"}],"wp:term":[{"taxonomy":"category","embeddable":true,"href":"https:\/\/www.europesays.com\/se\/wp-json\/wp\/v2\/categories?post=109220"},{"taxonomy":"post_tag","embeddable":true,"href":"https:\/\/www.europesays.com\/se\/wp-json\/wp\/v2\/tags?post=109220"}],"curies":[{"name":"wp","href":"https:\/\/api.w.org\/{rel}","templated":true}]}}