{"id":109244,"date":"2025-12-17T18:20:10","date_gmt":"2025-12-17T18:20:10","guid":{"rendered":"https:\/\/www.europesays.com\/se\/109244\/"},"modified":"2025-12-17T18:20:10","modified_gmt":"2025-12-17T18:20:10","slug":"en-av-tio-aldre-kan-erbjudas-alzheimerbehandling","status":"publish","type":"post","link":"https:\/\/www.europesays.com\/se\/109244\/","title":{"rendered":"En av tio \u00e4ldre kan erbjudas alzheimerbehandling"},"content":{"rendered":"<p>share-arrowDela<\/p>\n<p>unsaveSpara<\/p>\n<p>expand-left<\/p>\n<p>helsk\u00e4rm<img decoding=\"async\" class=\"image-asset hyperion-css-u06ts1\" data-test-tag=\"image-asset\" src=\"https:\/\/www.europesays.com\/se\/wp-content\/uploads\/2025\/12\/fc9a188d-6457-4e64-89d4-511ab8d43b83\"  alt=\"Analyserna visar att alzheimerrelaterade f\u00f6r\u00e4ndringar \u00f6kar med stigande \u00e5lder. Arkivbild.\"  loading=\"eager\" fetchpriority=\"high\" style=\"aspect-ratio:1900 \/ 1267\"\/>Analyserna visar att alzheimerrelaterade f\u00f6r\u00e4ndringar \u00f6kar med stigande \u00e5lder. Arkivbild. Foto: Fredrik Sandberg\/TT<\/p>\n<p class=\"hyperion-css-1shl3oz\" data-test-tag=\"lead-text\">En av tio personer \u00f6ver 70 \u00e5r uppfyller kriterierna f\u00f6r att erbjudas l\u00e4kemedelsbehandling mot alzheimer \u2013 en ov\u00e4ntat h\u00f6g andel, enligt Sahlgrenska akademin.<\/p>\n<p class=\"hyperion-css-1v9qo5x\">Forskare vid G\u00f6teborgs universitet, King&#8217;s College i London och Stavanger universitetssjukehus i Norge har i en studie kommit fram till att elva procent av deltagarna som \u00e4r \u00f6ver 70 \u00e5r har alzheimerrelaterade f\u00f6r\u00e4ndringar.<\/p>\n<p class=\"hyperion-css-1v9qo5x\">\u201dOm de lever tio \u00e5r till \u00e4r det h\u00f6gst sannolikt att symtom kommer att uppst\u00e5, men det viktiga i den h\u00e4r studien \u00e4r den stora grupp \u00e4ldre som redan har tidiga symtom och d\u00e4r det finns en m\u00f6jlighet att erbjuda behandling\u201d, s\u00e4ger Henrik Zetterberg, professor i neurokemi vid G\u00f6teborgs universitet i ett pressmeddelande.<\/p>\n<p class=\"hyperion-css-1v9qo5x\">Andelen med alzheimerrelaterade f\u00f6r\u00e4ndringar i de yngre \u00e5ldersgrupperna var l\u00e4gre \u00e4n f\u00f6rv\u00e4ntat men de \u00f6kar med stigande \u00e5lder. Biomark\u00f6ren fanns i blodet hos knappt 8 procent av deltagarna i \u00e5ldern 65-69, och hos drygt 65 procent av dem \u00f6ver 90 \u00e5r.<\/p>\n<p class=\"hyperion-css-1v9qo5x\">Studien, som har publicerats i den ansedda vetenskapliga tidskriften Nature, bygger p\u00e5 fler \u00e4n 11\u00a0000 blodprover fr\u00e5n personer \u00f6ver 57 \u00e5r i den lokala befolkningen i norska Tr\u00f8ndelag.<\/p>\n","protected":false},"excerpt":{"rendered":"share-arrowDela unsaveSpara expand-left helsk\u00e4rmAnalyserna visar att alzheimerrelaterade f\u00f6r\u00e4ndringar \u00f6kar med stigande \u00e5lder. Arkivbild. Foto: Fredrik Sandberg\/TT En av&hellip;\n","protected":false},"author":2,"featured_media":109245,"comment_status":"","ping_status":"","sticky":false,"template":"","format":"standard","meta":{"footnotes":""},"categories":[14],"tags":[22,23,26,27,17,21,24,25,28,29,15,16,18,34,31,33,32,30,19,20,51,52,53,54],"class_list":{"0":"post-109244","1":"post","2":"type-post","3":"status-publish","4":"format-standard","5":"has-post-thumbnail","7":"category-varlden","8":"tag-breaking-news","9":"tag-breakingnews","10":"tag-featured-news","11":"tag-featurednews","12":"tag-headlines","13":"tag-huvudnyheter","14":"tag-latest-news","15":"tag-latestnews","16":"tag-main-news","17":"tag-mainnews","18":"tag-news","19":"tag-nyheter","20":"tag-rubriker","21":"tag-se","22":"tag-svenska","23":"tag-sverige","24":"tag-sweden","25":"tag-swedish","26":"tag-top-stories","27":"tag-topstories","28":"tag-varlden","29":"tag-world","30":"tag-world-news","31":"tag-worldnews"},"share_on_mastodon":{"url":"https:\/\/pubeurope.com\/@se\/115736295863378943","error":""},"_links":{"self":[{"href":"https:\/\/www.europesays.com\/se\/wp-json\/wp\/v2\/posts\/109244","targetHints":{"allow":["GET"]}}],"collection":[{"href":"https:\/\/www.europesays.com\/se\/wp-json\/wp\/v2\/posts"}],"about":[{"href":"https:\/\/www.europesays.com\/se\/wp-json\/wp\/v2\/types\/post"}],"author":[{"embeddable":true,"href":"https:\/\/www.europesays.com\/se\/wp-json\/wp\/v2\/users\/2"}],"replies":[{"embeddable":true,"href":"https:\/\/www.europesays.com\/se\/wp-json\/wp\/v2\/comments?post=109244"}],"version-history":[{"count":0,"href":"https:\/\/www.europesays.com\/se\/wp-json\/wp\/v2\/posts\/109244\/revisions"}],"wp:featuredmedia":[{"embeddable":true,"href":"https:\/\/www.europesays.com\/se\/wp-json\/wp\/v2\/media\/109245"}],"wp:attachment":[{"href":"https:\/\/www.europesays.com\/se\/wp-json\/wp\/v2\/media?parent=109244"}],"wp:term":[{"taxonomy":"category","embeddable":true,"href":"https:\/\/www.europesays.com\/se\/wp-json\/wp\/v2\/categories?post=109244"},{"taxonomy":"post_tag","embeddable":true,"href":"https:\/\/www.europesays.com\/se\/wp-json\/wp\/v2\/tags?post=109244"}],"curies":[{"name":"wp","href":"https:\/\/api.w.org\/{rel}","templated":true}]}}