{"id":109254,"date":"2025-12-17T18:28:27","date_gmt":"2025-12-17T18:28:27","guid":{"rendered":"https:\/\/www.europesays.com\/se\/109254\/"},"modified":"2025-12-17T18:28:27","modified_gmt":"2025-12-17T18:28:27","slug":"hundratals-nya-miljarder-till-usas-forsvar","status":"publish","type":"post","link":"https:\/\/www.europesays.com\/se\/109254\/","title":{"rendered":"Hundratals nya miljarder till USA:s f\u00f6rsvar"},"content":{"rendered":"<p>share-arrowDela<\/p>\n<p>unsaveSpara<\/p>\n<p>expand-left<\/p>\n<p>helsk\u00e4rm<img decoding=\"async\" class=\"image-asset hyperion-css-u06ts1\" data-test-tag=\"image-asset\" src=\"https:\/\/www.europesays.com\/se\/wp-content\/uploads\/2025\/12\/b2c6ee25-786f-4e45-9f09-aaf4e62870b2\"  alt=\"USA:s krigsminister Pete Hegseth i kongressen i tisdags.\"  loading=\"eager\" fetchpriority=\"high\" style=\"aspect-ratio:1900 \/ 1267\"\/>USA:s krigsminister Pete Hegseth i kongressen i tisdags. Foto: Jose Luis Magana\/AP\/TT<\/p>\n<p class=\"hyperion-css-1shl3oz\" data-test-tag=\"lead-text\">USA:s senat har godk\u00e4nt ett \u00e5rligt finansieringspaket f\u00f6r landets milit\u00e4r som denna g\u00e5ng inneh\u00e5ller rekordstora utgifter p\u00e5 drygt 900 miljarder dollar.<\/p>\n<p class=\"hyperion-css-1v9qo5x\">Tillskotten g\u00e5r bland annat till h\u00f6jda soldatl\u00f6ner med 3,8 procent.<\/p>\n<p class=\"hyperion-css-1v9qo5x\">Lagpaketet, som omfattar \u00f6ver 3\u00a0000 sidor, fastst\u00e4ller ocks\u00e5 flera av president Donald Trumps presidentordrar och f\u00f6rslag, d\u00e4ribland det om att avsluta m\u00e5ngfaldsinitiativ inom milit\u00e4ren.<\/p>\n<p class=\"hyperion-css-1v9qo5x\">Samtidigt pressas Trumps styre att dela med sig av oredigerade videor fr\u00e5n de uppm\u00e4rksammade och kritiserade attackerna mot p\u00e5st\u00e5dda knarkb\u00e5tar utanf\u00f6r Venezuelas kust. Lagtexten hotar krigsminister Pete Hegseth med delvis indragen resebudget om han inte l\u00e5ter ledam\u00f6ter i representanthuset och senaten ta del av videomaterialet.<\/p>\n","protected":false},"excerpt":{"rendered":"share-arrowDela unsaveSpara expand-left helsk\u00e4rmUSA:s krigsminister Pete Hegseth i kongressen i tisdags. Foto: Jose Luis Magana\/AP\/TT USA:s senat har&hellip;\n","protected":false},"author":2,"featured_media":109255,"comment_status":"","ping_status":"","sticky":false,"template":"","format":"standard","meta":{"footnotes":""},"categories":[14],"tags":[22,23,26,27,17,21,24,25,28,29,15,16,18,34,31,33,32,30,19,20,51,52,53,54],"class_list":{"0":"post-109254","1":"post","2":"type-post","3":"status-publish","4":"format-standard","5":"has-post-thumbnail","7":"category-varlden","8":"tag-breaking-news","9":"tag-breakingnews","10":"tag-featured-news","11":"tag-featurednews","12":"tag-headlines","13":"tag-huvudnyheter","14":"tag-latest-news","15":"tag-latestnews","16":"tag-main-news","17":"tag-mainnews","18":"tag-news","19":"tag-nyheter","20":"tag-rubriker","21":"tag-se","22":"tag-svenska","23":"tag-sverige","24":"tag-sweden","25":"tag-swedish","26":"tag-top-stories","27":"tag-topstories","28":"tag-varlden","29":"tag-world","30":"tag-world-news","31":"tag-worldnews"},"share_on_mastodon":{"url":"https:\/\/pubeurope.com\/@se\/115736327258866149","error":""},"_links":{"self":[{"href":"https:\/\/www.europesays.com\/se\/wp-json\/wp\/v2\/posts\/109254","targetHints":{"allow":["GET"]}}],"collection":[{"href":"https:\/\/www.europesays.com\/se\/wp-json\/wp\/v2\/posts"}],"about":[{"href":"https:\/\/www.europesays.com\/se\/wp-json\/wp\/v2\/types\/post"}],"author":[{"embeddable":true,"href":"https:\/\/www.europesays.com\/se\/wp-json\/wp\/v2\/users\/2"}],"replies":[{"embeddable":true,"href":"https:\/\/www.europesays.com\/se\/wp-json\/wp\/v2\/comments?post=109254"}],"version-history":[{"count":0,"href":"https:\/\/www.europesays.com\/se\/wp-json\/wp\/v2\/posts\/109254\/revisions"}],"wp:featuredmedia":[{"embeddable":true,"href":"https:\/\/www.europesays.com\/se\/wp-json\/wp\/v2\/media\/109255"}],"wp:attachment":[{"href":"https:\/\/www.europesays.com\/se\/wp-json\/wp\/v2\/media?parent=109254"}],"wp:term":[{"taxonomy":"category","embeddable":true,"href":"https:\/\/www.europesays.com\/se\/wp-json\/wp\/v2\/categories?post=109254"},{"taxonomy":"post_tag","embeddable":true,"href":"https:\/\/www.europesays.com\/se\/wp-json\/wp\/v2\/tags?post=109254"}],"curies":[{"name":"wp","href":"https:\/\/api.w.org\/{rel}","templated":true}]}}