{"id":109260,"date":"2025-12-17T18:40:07","date_gmt":"2025-12-17T18:40:07","guid":{"rendered":"https:\/\/www.europesays.com\/se\/109260\/"},"modified":"2025-12-17T18:40:07","modified_gmt":"2025-12-17T18:40:07","slug":"forskare-identifierar-fem-genetiska-grupper-bakom-psykisk-ohalsa","status":"publish","type":"post","link":"https:\/\/www.europesays.com\/se\/109260\/","title":{"rendered":"Forskare identifierar fem genetiska grupper bakom psykisk oh\u00e4lsa"},"content":{"rendered":"<p>Psykisk oh\u00e4lsa delas i dag in i ett stort antal diagnoser, ofta baserade p\u00e5 symtom snarare \u00e4n biologiska orsaker. <\/p>\n<p>Nu visar en omfattande internationell studie att denna uppdelning kan vara mer ytlig \u00e4n man tidigare trott. <\/p>\n<p>Genom att analysera arvsmassan hos \u00f6ver en miljon m\u00e4nniskor har forskare identifierat fem \u00f6vergripande genetiska grupper som ligger bakom de flesta psykiatriska tillst\u00e5nd.<\/p>\n<p>Studien, som publicerats i den vetenskapliga tidskriften Nature, har letts av forskare vid University of Colorado Boulder i USA. <\/p>\n<p>Resultaten pekar p\u00e5 att m\u00e5nga psykiska sjukdomar delar gemensamma genetiska riskfaktorer, trots att de i diagnosmanualer klassas som helt separata tillst\u00e5nd. Det skriver <a href=\"https:\/\/www.satakunnankansa.fi\/terveys\/art-2000011694154.html\" rel=\"nofollow noopener\" target=\"_blank\">satakunnankansa<\/a>.<\/p>\n<p>Fem genetiska huvudgrupper<\/p>\n<p>Forskarna analyserade genetiska data kopplade till 14 olika psykiatriska diagnoser, d\u00e4ribland depression, \u00e5ngest, schizofreni, bipol\u00e4r sjukdom, adhd, autism och beroendesjukdomar. <\/p>\n<p>Utifr\u00e5n detta kunde tillst\u00e5nden delas in i fem grupper med liknande genetisk bakgrund.<\/p>\n<p>Grupperna omfattar tv\u00e5ngssyndrom, schizofreni och bipol\u00e4r sjukdom, neuropsykiatriska tillst\u00e5nd som adhd och autism, depression och \u00e5ngest, samt beroenderelaterade sjukdomar. <\/p>\n<p>S\u00e4rskilt stark genetisk \u00f6verlappning s\u00e5gs mellan depression och \u00e5ngest, samt mellan schizofreni och bipol\u00e4r sjukdom.<\/p>\n<p><strong>L\u00e4s mer: <\/strong><a href=\"https:\/\/www.e55.se\/halsa\/studie-din-personlighet-paverkar-risken-att-do-i-fortid\/\" rel=\"nofollow noopener\" target=\"_blank\">Studie: Din personlighet p\u00e5verkar risken att d\u00f6 i f\u00f6rtid \u2013 E55<\/a><\/p>\n","protected":false},"excerpt":{"rendered":"Psykisk oh\u00e4lsa delas i dag in i ett stort antal diagnoser, ofta baserade p\u00e5 symtom snarare \u00e4n biologiska&hellip;\n","protected":false},"author":2,"featured_media":109261,"comment_status":"","ping_status":"","sticky":false,"template":"","format":"standard","meta":{"footnotes":""},"categories":[69],"tags":[113,112,10398,34,31,33,32,30],"class_list":{"0":"post-109260","1":"post","2":"type-post","3":"status-publish","4":"format-standard","5":"has-post-thumbnail","7":"category-halsa","8":"tag-halsa","9":"tag-health","10":"tag-psykolog","11":"tag-se","12":"tag-svenska","13":"tag-sverige","14":"tag-sweden","15":"tag-swedish"},"share_on_mastodon":{"url":"https:\/\/pubeurope.com\/@se\/115736374369042697","error":""},"_links":{"self":[{"href":"https:\/\/www.europesays.com\/se\/wp-json\/wp\/v2\/posts\/109260","targetHints":{"allow":["GET"]}}],"collection":[{"href":"https:\/\/www.europesays.com\/se\/wp-json\/wp\/v2\/posts"}],"about":[{"href":"https:\/\/www.europesays.com\/se\/wp-json\/wp\/v2\/types\/post"}],"author":[{"embeddable":true,"href":"https:\/\/www.europesays.com\/se\/wp-json\/wp\/v2\/users\/2"}],"replies":[{"embeddable":true,"href":"https:\/\/www.europesays.com\/se\/wp-json\/wp\/v2\/comments?post=109260"}],"version-history":[{"count":0,"href":"https:\/\/www.europesays.com\/se\/wp-json\/wp\/v2\/posts\/109260\/revisions"}],"wp:featuredmedia":[{"embeddable":true,"href":"https:\/\/www.europesays.com\/se\/wp-json\/wp\/v2\/media\/109261"}],"wp:attachment":[{"href":"https:\/\/www.europesays.com\/se\/wp-json\/wp\/v2\/media?parent=109260"}],"wp:term":[{"taxonomy":"category","embeddable":true,"href":"https:\/\/www.europesays.com\/se\/wp-json\/wp\/v2\/categories?post=109260"},{"taxonomy":"post_tag","embeddable":true,"href":"https:\/\/www.europesays.com\/se\/wp-json\/wp\/v2\/tags?post=109260"}],"curies":[{"name":"wp","href":"https:\/\/api.w.org\/{rel}","templated":true}]}}